{"id":4959,"date":"2014-01-07T09:57:59","date_gmt":"2014-01-07T15:57:59","guid":{"rendered":"https:\/\/radiowebmx.com\/nota\/?p=4959"},"modified":"2014-01-07T09:57:59","modified_gmt":"2014-01-07T15:57:59","slug":"inicio-la-colocacion-de-concreto-hidraulico-en-avenida-camelinas","status":"publish","type":"post","link":"https:\/\/radiowebmx.com\/nota\/inicio-la-colocacion-de-concreto-hidraulico-en-avenida-camelinas\/","title":{"rendered":"INICI\u00d3 LA COLOCACI\u00d3N DE CONCRETO HIDR\u00c1ULICO EN AVENIDA CAMELINAS"},"content":{"rendered":"<p><a href=\"https:\/\/radiowebmx.com\/nota\/wp-content\/uploads\/2014\/01\/IMG_5380.jpg\"><img loading=\"lazy\" decoding=\"async\" class=\"alignleft size-full wp-image-4960\" alt=\"IMG_5380\" src=\"https:\/\/radiowebmx.com\/nota\/wp-content\/uploads\/2014\/01\/IMG_5380.jpg\" width=\"591\" height=\"283\" \/><\/a>Desde el pasado viernes inici\u00f3 la colocaci\u00f3n de colado en losas de concreto en la obra de rehabilitaci\u00f3n de los carriles centrales de la Avenida Camelinas.<\/p>\n<p>&nbsp;<\/p>\n<p>El tramo al que ya se coloc\u00f3 concreto hidr\u00e1ulico, comprende desde el entronque de la vialidad en cuesti\u00f3n con el Boulevard Garc\u00eda de Le\u00f3n, hacia el poniente de la ciudad, en un \u00e1rea de 160 metros c\u00fabicos, equivalentes a 800 metros cuadrados.<\/p>\n<p>&nbsp;<\/p>\n<p>Despu\u00e9s de 36 d\u00edas de haber arrancado la obra, se realiz\u00f3 la primera colocaci\u00f3n del colado que continuar\u00e1 en 400 metros cuadrados a realizarse en las pr\u00f3ximas horas, para lo cual se han programado colados continuos que reflejar\u00e1n un avance diario de la obra.<\/p>\n<p>&nbsp;<\/p>\n<p>Este tramo ya cuenta con las instalaciones completas para la captaci\u00f3n y encauzamiento de las aguas pluviales, de la cual ya se pudo comprobar su funcionamiento adecuado tras las precipitaciones que se presentaron en el pasado mes de diciembre. Estos trabajos reducir\u00e1n el tiempo de desag\u00fce en esta importante arteria de la capital michoacana.<\/p>\n<p>&nbsp;<\/p>\n<p>Por otra parte, ya se han abierto al tr\u00e1nsito vehicular, los tramos entre los cruces de la Avenida Camelinas con el Boulevard Sans\u00f3n Flores y con la calle Doctor Ignacio Ch\u00e1vez, los cuales se conectaron a la red de alcantarillas para dar salida al agua pluvial hacia el R\u00edo Chiquito.<\/p>\n<p>&nbsp;<\/p>\n<p>En el resto de la obra que se trabaja en la construcci\u00f3n de base hidr\u00e1ulica y se realizan las pruebas de laboratorio diarias las cuales permiten llevar un control de calidad de las diferentes etapas del pavimento.<\/p>\n","protected":false},"excerpt":{"rendered":"<p>Desde el pasado viernes inici\u00f3 la colocaci\u00f3n de colado en losas de concreto en la obra de rehabilitaci\u00f3n de los carriles centrales de la Avenida Camelinas.<\/p>\n","protected":false},"author":1,"featured_media":0,"comment_status":"open","ping_status":"open","sticky":false,"template":"","format":"standard","meta":{"footnotes":""},"categories":[14,3],"tags":[],"class_list":["post-4959","post","type-post","status-publish","format-standard","hentry","category-destacadas","category-gobierno-del-estado-de-michoacan"],"_links":{"self":[{"href":"https:\/\/radiowebmx.com\/nota\/wp-json\/wp\/v2\/posts\/4959","targetHints":{"allow":["GET"]}}],"collection":[{"href":"https:\/\/radiowebmx.com\/nota\/wp-json\/wp\/v2\/posts"}],"about":[{"href":"https:\/\/radiowebmx.com\/nota\/wp-json\/wp\/v2\/types\/post"}],"author":[{"embeddable":true,"href":"https:\/\/radiowebmx.com\/nota\/wp-json\/wp\/v2\/users\/1"}],"replies":[{"embeddable":true,"href":"https:\/\/radiowebmx.com\/nota\/wp-json\/wp\/v2\/comments?post=4959"}],"version-history":[{"count":2,"href":"https:\/\/radiowebmx.com\/nota\/wp-json\/wp\/v2\/posts\/4959\/revisions"}],"predecessor-version":[{"id":4962,"href":"https:\/\/radiowebmx.com\/nota\/wp-json\/wp\/v2\/posts\/4959\/revisions\/4962"}],"wp:attachment":[{"href":"https:\/\/radiowebmx.com\/nota\/wp-json\/wp\/v2\/media?parent=4959"}],"wp:term":[{"taxonomy":"category","embeddable":true,"href":"https:\/\/radiowebmx.com\/nota\/wp-json\/wp\/v2\/categories?post=4959"},{"taxonomy":"post_tag","embeddable":true,"href":"https:\/\/radiowebmx.com\/nota\/wp-json\/wp\/v2\/tags?post=4959"}],"curies":[{"name":"wp","href":"https:\/\/api.w.org\/{rel}","templated":true}]}}