{"id":48976,"date":"2017-12-19T21:50:07","date_gmt":"2017-12-20T03:50:07","guid":{"rendered":"https:\/\/radiowebmx.com\/nota\/?p=48976"},"modified":"2017-12-20T14:52:44","modified_gmt":"2017-12-20T20:52:44","slug":"convoca-silvano-aureoles-a-respetar-y-hacer-valer-derechos-de-las-y-los-migrantes","status":"publish","type":"post","link":"https:\/\/radiowebmx.com\/nota\/convoca-silvano-aureoles-a-respetar-y-hacer-valer-derechos-de-las-y-los-migrantes\/","title":{"rendered":"Convoca Silvano Aureoles a respetar y hacer valer derechos de las y los migrantes"},"content":{"rendered":"<ul>\n<li><strong>El Gobernador Constitucional Silvano Aureoles Conejo encabeza la Celebraci\u00f3n del D\u00eda Internacional del Migrante 2017.<\/strong><\/li>\n<li><strong>El representante de migrantes extranjeros en Michoac\u00e1n, Jean Cadet Odimba, reconoci\u00f3 a Aureoles Conejo por ser el primer Gobernador en preocuparse por los derechos de los migrantes extranjeros.<\/strong><\/li>\n<\/ul>\n<p>&nbsp;<\/p>\n<p>&nbsp;<\/p>\n<p><a href=\"https:\/\/radiowebmx.com\/nota\/wp-content\/uploads\/2017\/12\/831ebd67-b7f8-473c-8557-8bcf348d64aa.jpeg\"><img loading=\"lazy\" decoding=\"async\" class=\"alignnone  wp-image-48978\" src=\"https:\/\/radiowebmx.com\/nota\/wp-content\/uploads\/2017\/12\/831ebd67-b7f8-473c-8557-8bcf348d64aa-595x397.jpeg\" alt=\"\" width=\"399\" height=\"266\" srcset=\"https:\/\/radiowebmx.com\/nota\/wp-content\/uploads\/2017\/12\/831ebd67-b7f8-473c-8557-8bcf348d64aa-595x397.jpeg 595w, https:\/\/radiowebmx.com\/nota\/wp-content\/uploads\/2017\/12\/831ebd67-b7f8-473c-8557-8bcf348d64aa-768x512.jpeg 768w, https:\/\/radiowebmx.com\/nota\/wp-content\/uploads\/2017\/12\/831ebd67-b7f8-473c-8557-8bcf348d64aa-960x640.jpeg 960w, https:\/\/radiowebmx.com\/nota\/wp-content\/uploads\/2017\/12\/831ebd67-b7f8-473c-8557-8bcf348d64aa-272x182.jpeg 272w, https:\/\/radiowebmx.com\/nota\/wp-content\/uploads\/2017\/12\/831ebd67-b7f8-473c-8557-8bcf348d64aa.jpeg 1280w\" sizes=\"auto, (max-width: 399px) 100vw, 399px\" \/><\/a><\/p>\n<p>&nbsp;<\/p>\n<p><strong>Morelia, Michoac\u00e1n, a 18 de diciembre de 2017.-<\/strong>\u00a0Desde Michoac\u00e1n alzamos la voz para pedir que los derechos de las y los migrantes michoacanos y de todo el mundo sean respetados; de la mano, visibilizar el fen\u00f3meno migratorio para que los gobiernos se sensibilicen y den la atenci\u00f3n que las circunstancias demandan, esa es nuestra convicci\u00f3n, pronunci\u00f3 el Gobernador Constitucional Silvano Aureoles Conejo, al encabezar esta tarde la Celebraci\u00f3n del D\u00eda Internacional del Migrante 2017.<\/p>\n<p>El mandatario estatal refrend\u00f3 su compromiso con la comunidad migrante, al exponer que en la entidad se trabaja diariamente en mejorar la capacidad institucional, reforzar los instrumentos legales, perfeccionar y mejorar los programas de acompa\u00f1amiento para elevar su calidad de vida, as\u00ed como en la reintegraci\u00f3n social de quienes deciden regresar a su estado.<\/p>\n<p>Al respecto, el representante de migrantes extranjeros en Michoac\u00e1n, Jean Cadet Odimba agradeci\u00f3 al Aureoles Conejo por ser el primer Gobernador en preocuparse y atender los derechos de los y las migrantes, no s\u00f3lo de Michoac\u00e1n, sino del mundo entero, adem\u00e1s de celebrar este d\u00eda como ninguno antes lo hab\u00eda hecho.<\/p>\n<p>&#8220;Me complace saber que Michoac\u00e1n es de los pocos estados que cuenta con una Secretar\u00eda del Migrante; aqu\u00ed podemos caminar con la frente en alto, orgullosos de sentirnos como en casa&#8221;, expres\u00f3.<\/p>\n<p>El mandatario Aureoles Conejo enfatiz\u00f3 que en Michoac\u00e1n se ha cumplido con la agenda formulada para darle atenci\u00f3n a los m\u00e1s de cuatro millones de migrantes que radican en los Estados Unidos y en diversas partes del mundo, entre cuyos compromisos se encuentra el mejorar las leyes y programas educativos, reforzar la capacitaci\u00f3n y dar acompa\u00f1amiento en los tr\u00e1mites, por mencionar algunas acciones.<\/p>\n<p>&#8220;Los michoacanos que van a otras partes se han convertido actores importantes del desarrollo y crecimiento econ\u00f3mico de aquellos lugares y de Michoac\u00e1n; adem\u00e1s se nutren de formas diferentes de pensar y nos alimentan de diversidad, que tambi\u00e9n se convierte en una gran riqueza para las y los michoacanos&#8221;, abund\u00f3 el titular del Ejecutivo Estatal.<\/p>\n<p>El secretario del Migrante, Jos\u00e9 Luis Guti\u00e9rrez P\u00e9rez, expuso que con esta actividad se clausura la Semana del Migrante 2017, en la que se dio realce a esta comunidad que aporta tanto a Michoac\u00e1n; congrega a m\u00e1s de 60 mil ni\u00f1os y ni\u00f1as binacionales y coloca a la entidad en el liderazgo de recepci\u00f3n de remesas, lo que beneficia a las familias de la entidad y genera sinergia econ\u00f3mica.<\/p>\n<p>Por ello, refrend\u00f3 que desde el Gobierno que encabeza el mandatario Aureoles Conejo se construye y se consolida a Michoac\u00e1n como un estado binacional, donde uno de los programas pioneros denominado Palomas Mensajeras beneficia a 2 mil 478 familias, a cuyos paterfamilias se les re\u00fane con sus consangu\u00edneos luego de muchos a\u00f1os, acercando as\u00ed a miles de michoacanos y michoacanas.<\/p>\n<p>La delegada del Instituto Nacional de Migraci\u00f3n, Elsa Eliuth Gurrola Ibarrola, dio la bienvenida a las y los migrantes de Uruguay, Paraguay, Italia, Brasil, Venezuela, Colombia, Costa de Marfil y Rep\u00fablica Dominicana, por mencionar alguno-, quienes se dieron cita a este importante evento que reconoce la aportaci\u00f3n may\u00fascula que dan a la entidad.<\/p>\n<p>En el marco de este evento, el titular del Ejecutivo Estatal otorg\u00f3 un reconocimiento al migrante investigador e historiador Joseph Benedic Warren, m\u00e1ximo experto en la figura de Don Vasco de Quiroga a nivel internacional, originario de Nuevo M\u00e9xico, Estados Unidos, quien durante su amplia trayectoria acad\u00e9mica ha sido galardonado en diversas ocasiones. Benedic Warren se dijo orgulloso y agradecido de recibir este reconocimiento.<\/p>\n<p>Al t\u00e9rmino del evento conmemorativo, las y los migrantes compartieron de diversos platillos t\u00edpicos de sus lugares de origen, acompa\u00f1ados de las autoridades.<\/p>\n<p>En la celebraci\u00f3n estuvieron presentes el secretario de Desarrollo Rural y Agroalimentario, Pacual Sigala P\u00e1ez; el diputado Raymundo Arreola Ortega, integrante de la Comisi\u00f3n de Migraci\u00f3n en el Congreso local; parte del equipo de baloncesto profesional Aguacateros de Michoac\u00e1n; migrantes, medios de comunicaci\u00f3n, funcionariado de los tres niveles de gobierno y p\u00fablico en general.<\/p>\n","protected":false},"excerpt":{"rendered":"<p>El Gobernador Constitucional Silvano Aureoles Conejo encabeza la Celebraci\u00f3n del D\u00eda Internacional del Migrante 2017. El representante de migrantes extranjeros en Michoac\u00e1n, Jean Cadet Odimba, reconoci\u00f3 a Aureoles Conejo por ser el primer Gobernador en preocuparse por los derechos de los migrantes extranjeros. &nbsp; &nbsp; &nbsp; Morelia, Michoac\u00e1n, a 18 de diciembre de 2017.-\u00a0Desde Michoac\u00e1n [&hellip;]<\/p>\n","protected":false},"author":2,"featured_media":48977,"comment_status":"closed","ping_status":"closed","sticky":false,"template":"","format":"standard","meta":{"footnotes":""},"categories":[14,3,60],"tags":[],"class_list":["post-48976","post","type-post","status-publish","format-standard","has-post-thumbnail","hentry","category-destacadas","category-gobierno-del-estado-de-michoacan","category-michoacan"],"_links":{"self":[{"href":"https:\/\/radiowebmx.com\/nota\/wp-json\/wp\/v2\/posts\/48976","targetHints":{"allow":["GET"]}}],"collection":[{"href":"https:\/\/radiowebmx.com\/nota\/wp-json\/wp\/v2\/posts"}],"about":[{"href":"https:\/\/radiowebmx.com\/nota\/wp-json\/wp\/v2\/types\/post"}],"author":[{"embeddable":true,"href":"https:\/\/radiowebmx.com\/nota\/wp-json\/wp\/v2\/users\/2"}],"replies":[{"embeddable":true,"href":"https:\/\/radiowebmx.com\/nota\/wp-json\/wp\/v2\/comments?post=48976"}],"version-history":[{"count":1,"href":"https:\/\/radiowebmx.com\/nota\/wp-json\/wp\/v2\/posts\/48976\/revisions"}],"predecessor-version":[{"id":48979,"href":"https:\/\/radiowebmx.com\/nota\/wp-json\/wp\/v2\/posts\/48976\/revisions\/48979"}],"wp:featuredmedia":[{"embeddable":true,"href":"https:\/\/radiowebmx.com\/nota\/wp-json\/wp\/v2\/media\/48977"}],"wp:attachment":[{"href":"https:\/\/radiowebmx.com\/nota\/wp-json\/wp\/v2\/media?parent=48976"}],"wp:term":[{"taxonomy":"category","embeddable":true,"href":"https:\/\/radiowebmx.com\/nota\/wp-json\/wp\/v2\/categories?post=48976"},{"taxonomy":"post_tag","embeddable":true,"href":"https:\/\/radiowebmx.com\/nota\/wp-json\/wp\/v2\/tags?post=48976"}],"curies":[{"name":"wp","href":"https:\/\/api.w.org\/{rel}","templated":true}]}}