{"id":48971,"date":"2017-12-20T14:49:12","date_gmt":"2017-12-20T20:49:12","guid":{"rendered":"https:\/\/radiowebmx.com\/nota\/?p=48971"},"modified":"2017-12-20T14:49:12","modified_gmt":"2017-12-20T20:49:12","slug":"convive-gobernador-con-adultas-y-adultos-mayores","status":"publish","type":"post","link":"https:\/\/radiowebmx.com\/nota\/convive-gobernador-con-adultas-y-adultos-mayores\/","title":{"rendered":"Convive Gobernador con adultas y adultos mayores"},"content":{"rendered":"<p><a href=\"https:\/\/radiowebmx.com\/nota\/wp-content\/uploads\/2017\/12\/62cda69e-b2b8-44eb-9120-12e8797e9d79.jpg\"><img loading=\"lazy\" decoding=\"async\" class=\"alignnone  wp-image-48973\" src=\"https:\/\/radiowebmx.com\/nota\/wp-content\/uploads\/2017\/12\/62cda69e-b2b8-44eb-9120-12e8797e9d79-595x397.jpg\" alt=\"\" width=\"400\" height=\"267\" srcset=\"https:\/\/radiowebmx.com\/nota\/wp-content\/uploads\/2017\/12\/62cda69e-b2b8-44eb-9120-12e8797e9d79-595x397.jpg 595w, https:\/\/radiowebmx.com\/nota\/wp-content\/uploads\/2017\/12\/62cda69e-b2b8-44eb-9120-12e8797e9d79-768x512.jpg 768w, https:\/\/radiowebmx.com\/nota\/wp-content\/uploads\/2017\/12\/62cda69e-b2b8-44eb-9120-12e8797e9d79-960x640.jpg 960w, https:\/\/radiowebmx.com\/nota\/wp-content\/uploads\/2017\/12\/62cda69e-b2b8-44eb-9120-12e8797e9d79-272x182.jpg 272w, https:\/\/radiowebmx.com\/nota\/wp-content\/uploads\/2017\/12\/62cda69e-b2b8-44eb-9120-12e8797e9d79.jpg 1280w\" sizes=\"auto, (max-width: 400px) 100vw, 400px\" \/><\/a><\/p>\n<p>&nbsp;<\/p>\n<ul>\n<li><strong>Un Gobierno social y de derechos, debe procurar aminorar las condiciones de vulnerabilidad de los grupos m\u00e1s propensos a sufrir injusticias, se\u00f1ala el mandatario estatal.<\/strong><\/li>\n<\/ul>\n<p><strong>Morelia, Michoac\u00e1n, a 20 de diciembre de 2017.-<\/strong>\u00a0Un Gobierno social y de derechos, debe procurar aminorar las condiciones de vulnerabilidad de los grupos m\u00e1s propensos a sufrir injusticias, como son las adultas y los adultos mayores, por ello en Michoac\u00e1n una de las tareas primordiales es acompa\u00f1arlos para mejorar su entorno, pronunci\u00f3 el Gobernador Constitucional Silvano Aureoles Conejo.<\/p>\n<p>Lo anterior, al convivir con personas de la tercera edad de las colonias Ventura Puente y Felicitas del R\u00edo, de la capital michoacana, as\u00ed como del municipio de Charo, a quienes se\u00f1al\u00f3 que el desarrollo humano y social, es uno de los objetivos trazados para avanzar como sociedad en la administraci\u00f3n que encabeza.<\/p>\n<p>En este encuentro donde comparti\u00f3 el pan y la sal, Silvano Aureoles destac\u00f3 que desde el Gobierno que encabeza se cuida a este sector de la poblaci\u00f3n, prueba de ello son los diversos apoyos que se entregan como es S\u00ed Alimenta, M\u00e9dico en tu Casa y Avanza DIFerente, \u201cmi reconocimiento porque ustedes cada d\u00eda se superan y realizan cosas mejores cada d\u00eda\u201d.<\/p>\n<p>El Gobernador de Michoac\u00e1n expres\u00f3 que estas fechas son ideales para reunirse con familiares o amigos y \u201cnosotros debemos cuidar a nuestras adultas y adultos mayores; desde el Gobierno hacemos todo para que ustedes se sientan queridas y queridos\u201d.<\/p>\n<p>Aprovech\u00f3 la ocasi\u00f3n para enviarles un mensaje de Navidad y A\u00f1o Nuevo: \u201cDisfruten estas fechas, les deseo lo mejor; p\u00e1senla bien. Y que este a\u00f1o que inicia sea m\u00e1s pr\u00f3spero\u201d.<\/p>\n<p>De igual manera, dijo que es un convencido de que las adultas y los adultos mayores no s\u00f3lo son los protagonistas del pasado, sino que tambi\u00e9n conforman una pieza clave del presente.<\/p>\n<p>Finalmente, reconoci\u00f3 que estos dos a\u00f1os que lleva al frente del Gobierno del Estado no ha sido una tarea f\u00e1cil, pero \u201cmi compromiso es que en los pr\u00f3ximos a\u00f1os Michoac\u00e1n este completamente en paz, que la gente est\u00e9 m\u00e1s segura\u201d.<\/p>\n<p>La directora general del Sistema DIF Estatal, Roc\u00edo Beamonte Romero, aplaudi\u00f3 el entusiasmo y energ\u00eda que las personas de la tercera edad tienen.<\/p>\n<p>Durante este convivio las ni\u00f1as y ni\u00f1os del Centro de Asistencia Social (CAS) entonaron la canci\u00f3n \u201cEst\u00e1 en Ti\u201d, melod\u00eda que se encuentra dentro de la campa\u00f1a de difusi\u00f3n de valores que lleva dicho t\u00edtulo.<\/p>\n<p>Asimismo, las y los integrantes del Grupo de Canto de Adultos Mayores del Centro de Artes cantaron las canciones \u201cEl ni\u00f1o del tambor\u201d y \u201cCampana sobre Campana\u201d, acto que agradeci\u00f3 el mandatario estatal y que reconoci\u00f3 por el entusiasmo que pusieron en cada una de sus letras.<\/p>\n<p>Adem\u00e1s, el Gobernador entreg\u00f3 despensas y cobijas a las y los adultos mayores.<\/p>\n<p>&nbsp;<\/p>\n<p><a href=\"https:\/\/radiowebmx.com\/nota\/wp-content\/uploads\/2017\/12\/85f5235b-a091-4351-b14e-e6a1263e064b.jpg\"><img loading=\"lazy\" decoding=\"async\" class=\"alignnone  wp-image-48974\" src=\"https:\/\/radiowebmx.com\/nota\/wp-content\/uploads\/2017\/12\/85f5235b-a091-4351-b14e-e6a1263e064b-595x397.jpg\" alt=\"\" width=\"400\" height=\"267\" srcset=\"https:\/\/radiowebmx.com\/nota\/wp-content\/uploads\/2017\/12\/85f5235b-a091-4351-b14e-e6a1263e064b-595x397.jpg 595w, https:\/\/radiowebmx.com\/nota\/wp-content\/uploads\/2017\/12\/85f5235b-a091-4351-b14e-e6a1263e064b-768x512.jpg 768w, https:\/\/radiowebmx.com\/nota\/wp-content\/uploads\/2017\/12\/85f5235b-a091-4351-b14e-e6a1263e064b-960x640.jpg 960w, https:\/\/radiowebmx.com\/nota\/wp-content\/uploads\/2017\/12\/85f5235b-a091-4351-b14e-e6a1263e064b-272x182.jpg 272w, https:\/\/radiowebmx.com\/nota\/wp-content\/uploads\/2017\/12\/85f5235b-a091-4351-b14e-e6a1263e064b.jpg 1280w\" sizes=\"auto, (max-width: 400px) 100vw, 400px\" \/><\/a><\/p>\n","protected":false},"excerpt":{"rendered":"<p>&nbsp; Un Gobierno social y de derechos, debe procurar aminorar las condiciones de vulnerabilidad de los grupos m\u00e1s propensos a sufrir injusticias, se\u00f1ala el mandatario estatal. Morelia, Michoac\u00e1n, a 20 de diciembre de 2017.-\u00a0Un Gobierno social y de derechos, debe procurar aminorar las condiciones de vulnerabilidad de los grupos m\u00e1s propensos a sufrir injusticias, como [&hellip;]<\/p>\n","protected":false},"author":2,"featured_media":48972,"comment_status":"closed","ping_status":"closed","sticky":false,"template":"","format":"standard","meta":{"footnotes":""},"categories":[14,3,60],"tags":[],"class_list":["post-48971","post","type-post","status-publish","format-standard","has-post-thumbnail","hentry","category-destacadas","category-gobierno-del-estado-de-michoacan","category-michoacan"],"_links":{"self":[{"href":"https:\/\/radiowebmx.com\/nota\/wp-json\/wp\/v2\/posts\/48971","targetHints":{"allow":["GET"]}}],"collection":[{"href":"https:\/\/radiowebmx.com\/nota\/wp-json\/wp\/v2\/posts"}],"about":[{"href":"https:\/\/radiowebmx.com\/nota\/wp-json\/wp\/v2\/types\/post"}],"author":[{"embeddable":true,"href":"https:\/\/radiowebmx.com\/nota\/wp-json\/wp\/v2\/users\/2"}],"replies":[{"embeddable":true,"href":"https:\/\/radiowebmx.com\/nota\/wp-json\/wp\/v2\/comments?post=48971"}],"version-history":[{"count":1,"href":"https:\/\/radiowebmx.com\/nota\/wp-json\/wp\/v2\/posts\/48971\/revisions"}],"predecessor-version":[{"id":48975,"href":"https:\/\/radiowebmx.com\/nota\/wp-json\/wp\/v2\/posts\/48971\/revisions\/48975"}],"wp:featuredmedia":[{"embeddable":true,"href":"https:\/\/radiowebmx.com\/nota\/wp-json\/wp\/v2\/media\/48972"}],"wp:attachment":[{"href":"https:\/\/radiowebmx.com\/nota\/wp-json\/wp\/v2\/media?parent=48971"}],"wp:term":[{"taxonomy":"category","embeddable":true,"href":"https:\/\/radiowebmx.com\/nota\/wp-json\/wp\/v2\/categories?post=48971"},{"taxonomy":"post_tag","embeddable":true,"href":"https:\/\/radiowebmx.com\/nota\/wp-json\/wp\/v2\/tags?post=48971"}],"curies":[{"name":"wp","href":"https:\/\/api.w.org\/{rel}","templated":true}]}}