{"id":48968,"date":"2017-12-19T15:46:08","date_gmt":"2017-12-19T21:46:08","guid":{"rendered":"https:\/\/radiowebmx.com\/nota\/?p=48968"},"modified":"2017-12-20T14:20:08","modified_gmt":"2017-12-20T20:20:08","slug":"no-hay-camisa-de-fuerza-en-definicion-de-fiscal-anticorrupcion-angel-cedillo","status":"publish","type":"post","link":"https:\/\/radiowebmx.com\/nota\/no-hay-camisa-de-fuerza-en-definicion-de-fiscal-anticorrupcion-angel-cedillo\/","title":{"rendered":"No hay camisa de fuerza en definici\u00f3n de Fiscal Anticorrupci\u00f3n: \u00c1ngel Cedillo"},"content":{"rendered":"<div dir=\"auto\">En el proceso de definici\u00f3n de cargos para el Sistema Estatal Anticorrupci\u00f3n en el Congreso del Estado no hay camisa de fuerza para la toma de decisiones y se privilegian los mejores perfiles, apunt\u00f3 el diputado \u00c1ngel Cedillo Hern\u00e1ndez, presidente de la Comisi\u00f3n de Justicia de la LXXIII Legislatura local.<\/div>\n<div dir=\"auto\">El diputado por el Distrito de Uruapan Norte, se\u00f1al\u00f3 que en temas como la definici\u00f3n del Fiscal Especializado en materia de delitos relacionados con hechos de corrupci\u00f3n de la Procuradur\u00eda General de Justicia del Estado se est\u00e1 privilegiando el perfil y que se cumpla a cabalidad con los requisitos de ley y la convocatoria.<\/div>\n<div dir=\"auto\">Cedillo Hern\u00e1ndez se\u00f1al\u00f3 que las comisiones encargadas de elaborar la propuesta actuar\u00e1 en pleno apego a los criterios establecidos en la norma, por lo que los cuestionamientos de \u00edndole pol\u00edtico no son factor que incida en las determinaciones que se tomen.<\/div>\n<div dir=\"auto\">El legislador de extracci\u00f3n perredista destac\u00f3 la importancia de esta nueva figura conocida como Fiscal Anticorrupci\u00f3n pues tendr\u00e1 entre sus responsabilidades investigar y perseguir los hechos que la ley considera como delitos por hechos de corrupci\u00f3n.<\/div>\n<div dir=\"auto\">Record\u00f3 que para la designaci\u00f3n del Fiscal se precisa la votaci\u00f3n de las dos terceras partes de los diputados que asistan a la sesi\u00f3n de Pleno en la que se discuta el dictamen elaborado por las comisiones.<\/div>\n<div dir=\"auto\">Asimismo el legislador refiri\u00f3 que se estaba a la espera de los resultados de los ex\u00e1menes de control y confianza que formaban parte de los requisitos para los aspirantes, mismos que ya est\u00e1n en poder de las comisiones dictaminadoras por lo que compete ya al Pleno tomar la determinaci\u00f3n a partir del dictamen elaborado tras el proceso de selecci\u00f3n.<\/div>\n","protected":false},"excerpt":{"rendered":"<p>En el proceso de definici\u00f3n de cargos para el Sistema Estatal Anticorrupci\u00f3n en el Congreso del Estado no hay camisa de fuerza para la toma de decisiones y se privilegian los mejores perfiles, apunt\u00f3 el diputado \u00c1ngel Cedillo Hern\u00e1ndez, presidente de la Comisi\u00f3n de Justicia de la LXXIII Legislatura local. El diputado por el Distrito [&hellip;]<\/p>\n","protected":false},"author":2,"featured_media":48969,"comment_status":"closed","ping_status":"closed","sticky":false,"template":"","format":"standard","meta":{"footnotes":""},"categories":[14],"tags":[],"class_list":["post-48968","post","type-post","status-publish","format-standard","has-post-thumbnail","hentry","category-destacadas"],"_links":{"self":[{"href":"https:\/\/radiowebmx.com\/nota\/wp-json\/wp\/v2\/posts\/48968","targetHints":{"allow":["GET"]}}],"collection":[{"href":"https:\/\/radiowebmx.com\/nota\/wp-json\/wp\/v2\/posts"}],"about":[{"href":"https:\/\/radiowebmx.com\/nota\/wp-json\/wp\/v2\/types\/post"}],"author":[{"embeddable":true,"href":"https:\/\/radiowebmx.com\/nota\/wp-json\/wp\/v2\/users\/2"}],"replies":[{"embeddable":true,"href":"https:\/\/radiowebmx.com\/nota\/wp-json\/wp\/v2\/comments?post=48968"}],"version-history":[{"count":1,"href":"https:\/\/radiowebmx.com\/nota\/wp-json\/wp\/v2\/posts\/48968\/revisions"}],"predecessor-version":[{"id":48970,"href":"https:\/\/radiowebmx.com\/nota\/wp-json\/wp\/v2\/posts\/48968\/revisions\/48970"}],"wp:featuredmedia":[{"embeddable":true,"href":"https:\/\/radiowebmx.com\/nota\/wp-json\/wp\/v2\/media\/48969"}],"wp:attachment":[{"href":"https:\/\/radiowebmx.com\/nota\/wp-json\/wp\/v2\/media?parent=48968"}],"wp:term":[{"taxonomy":"category","embeddable":true,"href":"https:\/\/radiowebmx.com\/nota\/wp-json\/wp\/v2\/categories?post=48968"},{"taxonomy":"post_tag","embeddable":true,"href":"https:\/\/radiowebmx.com\/nota\/wp-json\/wp\/v2\/tags?post=48968"}],"curies":[{"name":"wp","href":"https:\/\/api.w.org\/{rel}","templated":true}]}}