{"id":4896,"date":"2013-12-16T11:14:08","date_gmt":"2013-12-16T17:14:08","guid":{"rendered":"https:\/\/radiowebmx.com\/nota\/?p=4896"},"modified":"2013-12-16T11:14:08","modified_gmt":"2013-12-16T17:14:08","slug":"con-talleres-culturales-regidor-pretende-contribuir-al-desarrollo-de-los-jovenes-morelianos","status":"publish","type":"post","link":"https:\/\/radiowebmx.com\/nota\/con-talleres-culturales-regidor-pretende-contribuir-al-desarrollo-de-los-jovenes-morelianos\/","title":{"rendered":"Con talleres culturales regidor pretende contribuir al desarrollo de los j\u00f3venes morelianos"},"content":{"rendered":"<p><a href=\"https:\/\/radiowebmx.com\/nota\/wp-content\/uploads\/2013\/12\/IMG_4948.jpg\"><img loading=\"lazy\" decoding=\"async\" class=\"alignleft size-thumbnail wp-image-4897\" alt=\"IMG_4948\" src=\"https:\/\/radiowebmx.com\/nota\/wp-content\/uploads\/2013\/12\/IMG_4948-150x150.jpg\" width=\"150\" height=\"150\" \/><\/a>Con el objetivo de mejorar la calidad de vida de los j\u00f3venes de las colonias y comunidades pobres del municipio, el regidor de Morelia, Miguel \u00c1ngel Villegas Soto, propuso ante el pleno del Cabildo capitalino la creaci\u00f3n del proyecto AnimArte, que constara de talleres de cultura para la inclusi\u00f3n social de este sector de la sociedad.<\/p>\n<p>&nbsp;<\/p>\n<p>El regidor moreliano, refiri\u00f3 que como autoridad algo se tiene que hacer para ofrecer alternativas a la gente joven del municipio para solucionar problemas como el ser consumidos por redes criminales, ser sometidos a la explotaci\u00f3n sexual o laboral e incluso padecer maltrato y discriminaci\u00f3n.<\/p>\n<p>&nbsp;<\/p>\n<p>\u201cPor eso apostamos a la reconstrucci\u00f3n del tejido social y la construcci\u00f3n de una perspectiva positiva del fututo, la cual se tiene que hacer, con y para los j\u00f3venes de Morelia; creemos que la cultura es uno de los caminos por los cuales podremos evitar que los muchachos de la capital, caigan en la delincuencia\u201d.<\/p>\n<p>&nbsp;<\/p>\n<p>En este sentido, Villegas Soto confi\u00f3 que mediante talleres culturales se pretende descentralizar y acercar la cultura, atendiendo directamente a los j\u00f3venes en sus colonias y comunidades, y de esta manera, lograr que se vuelvan agentes de cambio en su propio entorno. Incluyendo en cada taller ejercicios de sensibilizaci\u00f3n a trav\u00e9s de expresiones art\u00edsticas.<\/p>\n<p>&nbsp;<\/p>\n<p>&nbsp;<\/p>\n<p>&nbsp;<\/p>\n<p>Para este fin el funcionario municipal, adelant\u00f3 que se pretenden realizar 20 talleres en colonias y comunidades marginadas del municipio, de 24 sesiones cada uno, adem\u00e1s de realizar un encuentro para que los j\u00f3venes al final de las actividades intercambien experiencias, se retroalimenten y se reconozcan el uno con el otro.<\/p>\n<p>&nbsp;<\/p>\n<p>Miguel \u00c1ngel Villegas, apunt\u00f3 que la prioridad para realizar estos talleres es captar a 400 j\u00f3venes de entre 25 y 29 a\u00f1os de edad que vivan en pobreza y desigualdad social, en comunidades de media, alta y muy alta marginaci\u00f3n de la capital moreliana, as\u00ed como en las 14 tenencias y comunidades del municipio.<\/p>\n<p>&nbsp;<\/p>\n<p>Finalmente, el regidor confi\u00f3 en que el proyecto AnimArte, pueda ser aprobado por el Cabildo moreliano, lo cual significar\u00eda sea contemplado en el Presupuesto de Egresos y el Programa Operativo Anual del a\u00f1o fiscal 2014, para su correcta operaci\u00f3n y as\u00ed contribuir con el bienestar y desarrollo de los j\u00f3venes morelianos.<\/p>\n","protected":false},"excerpt":{"rendered":"<p>Con el objetivo de mejorar la calidad de vida de los j\u00f3venes de las colonias y comunidades pobres del municipio, el regidor de Morelia, Miguel \u00c1ngel Villegas Soto, propuso ante el pleno del Cabildo capitalino la creaci\u00f3n del proyecto AnimArte, que constara de talleres de cultura para la inclusi\u00f3n social de este sector de la sociedad.<\/p>\n","protected":false},"author":1,"featured_media":0,"comment_status":"open","ping_status":"open","sticky":false,"template":"","format":"standard","meta":{"footnotes":""},"categories":[14,3],"tags":[],"class_list":["post-4896","post","type-post","status-publish","format-standard","hentry","category-destacadas","category-gobierno-del-estado-de-michoacan"],"_links":{"self":[{"href":"https:\/\/radiowebmx.com\/nota\/wp-json\/wp\/v2\/posts\/4896","targetHints":{"allow":["GET"]}}],"collection":[{"href":"https:\/\/radiowebmx.com\/nota\/wp-json\/wp\/v2\/posts"}],"about":[{"href":"https:\/\/radiowebmx.com\/nota\/wp-json\/wp\/v2\/types\/post"}],"author":[{"embeddable":true,"href":"https:\/\/radiowebmx.com\/nota\/wp-json\/wp\/v2\/users\/1"}],"replies":[{"embeddable":true,"href":"https:\/\/radiowebmx.com\/nota\/wp-json\/wp\/v2\/comments?post=4896"}],"version-history":[{"count":2,"href":"https:\/\/radiowebmx.com\/nota\/wp-json\/wp\/v2\/posts\/4896\/revisions"}],"predecessor-version":[{"id":4899,"href":"https:\/\/radiowebmx.com\/nota\/wp-json\/wp\/v2\/posts\/4896\/revisions\/4899"}],"wp:attachment":[{"href":"https:\/\/radiowebmx.com\/nota\/wp-json\/wp\/v2\/media?parent=4896"}],"wp:term":[{"taxonomy":"category","embeddable":true,"href":"https:\/\/radiowebmx.com\/nota\/wp-json\/wp\/v2\/categories?post=4896"},{"taxonomy":"post_tag","embeddable":true,"href":"https:\/\/radiowebmx.com\/nota\/wp-json\/wp\/v2\/tags?post=4896"}],"curies":[{"name":"wp","href":"https:\/\/api.w.org\/{rel}","templated":true}]}}