{"id":48956,"date":"2017-12-20T13:56:11","date_gmt":"2017-12-20T19:56:11","guid":{"rendered":"https:\/\/radiowebmx.com\/nota\/?p=48956"},"modified":"2017-12-20T14:01:37","modified_gmt":"2017-12-20T20:01:37","slug":"integridad-y-compromiso-requiere-sea-para-su-buen-funcionamiento-villegas-soto","status":"publish","type":"post","link":"https:\/\/radiowebmx.com\/nota\/integridad-y-compromiso-requiere-sea-para-su-buen-funcionamiento-villegas-soto\/","title":{"rendered":"Integridad y compromiso, requiere SEA para su buen funcionamiento: Villegas Soto"},"content":{"rendered":"<p><a href=\"https:\/\/radiowebmx.com\/nota\/wp-content\/uploads\/2017\/12\/Comunicado-1803-1.jpg\"><img loading=\"lazy\" decoding=\"async\" class=\"alignnone  wp-image-48958\" src=\"https:\/\/radiowebmx.com\/nota\/wp-content\/uploads\/2017\/12\/Comunicado-1803-1-595x479.jpg\" alt=\"\" width=\"399\" height=\"321\" srcset=\"https:\/\/radiowebmx.com\/nota\/wp-content\/uploads\/2017\/12\/Comunicado-1803-1-595x479.jpg 595w, https:\/\/radiowebmx.com\/nota\/wp-content\/uploads\/2017\/12\/Comunicado-1803-1-768x619.jpg 768w, https:\/\/radiowebmx.com\/nota\/wp-content\/uploads\/2017\/12\/Comunicado-1803-1-960x773.jpg 960w\" sizes=\"auto, (max-width: 399px) 100vw, 399px\" \/><\/a><\/p>\n<p>&nbsp;<\/p>\n<ul>\n<li><strong>Presidente de la Mesa Directiva del Congreso local celebra conformaci\u00f3n del Comit\u00e9 de Participaci\u00f3n Ciudadana del Sistema Estatal Anticorrupci\u00f3n<\/strong><\/li>\n<\/ul>\n<p class=\"x_gmail-MsoNoSpacing\"><b>\u00a0<\/b><\/p>\n<p class=\"x_gmail-MsoNoSpacing\"><b>Morelia; Michoac\u00e1n, 20 de diciembre de 2017.- \u00a0<\/b>Integridad, independencia, compromiso y transparencia en su actuar es lo que se espera de los nuevos integrantes del Comit\u00e9 de Participaci\u00f3n Ciudadana del Sistema Estatal Anticorrupci\u00f3n, instrumento legal que fue conformado gracias al trabajo realizado por el Congreso del Estado para el combate y erradicaci\u00f3n de la corrupci\u00f3n, ahora el reto es la plena aplicaci\u00f3n de las leyes en la materia, refiri\u00f3 el diputado Miguel \u00c1ngel Villegas Soto, Presidente de la Mesa Directiva del Congreso del Estado.<\/p>\n<p class=\"x_gmail-MsoNoSpacing\">En el marco de la toma de protesta de los cinco integrantes del Comit\u00e9, el diputado se dijo confiado en que su elecci\u00f3n fue objetiva, privilegiando los perfiles por parte de la Comisi\u00f3n de Selecci\u00f3n, misma que fue integrada mediante convocatoria y con perfiles ciudadanos para dar mayor transparencia al proceso en la integraci\u00f3n de los \u00f3rganos que acompa\u00f1aran y formar\u00e1n parte del Sistema Estatal Anticorrupci\u00f3n.<\/p>\n<p class=\"x_gmail-MsoNoSpacing\">Asimismo, destac\u00f3 Villegas Soto que con la reforma al C\u00f3digo Penal y al C\u00f3digo de Justicia Administrativa ambos\u00a0 del Estado de Michoac\u00e1n, as\u00ed como las dos leyes de nueva creaci\u00f3n,\u00a0 la Ley del Sistema Estatal Anticorrupci\u00f3n y la Ley de Responsabilidades de Servidores P\u00fablicos, y las reformas a la Ley Org\u00e1nica de la Procuradur\u00eda General de Justicia del Estado;\u00a0 Ley de Fiscalizaci\u00f3n Superior de Michoac\u00e1n; y Ley Org\u00e1nica de la Administraci\u00f3n P\u00fablica Estatal, el Poder Legislativo abon\u00f3 a crear una nueva cultura de erradicaci\u00f3n de la corrupci\u00f3n, ahora el reto es la plena aplicaci\u00f3n de las mismas.<\/p>\n<p class=\"x_gmail-MsoNoSpacing\">Al evento asistieron los diputados Mario Armando Mendoza, presidente de la Comisi\u00f3n de Gobernaci\u00f3n, Antonio Garc\u00eda Conejo, integrante de la misma, y \u00c1ngel Cedillo, presidente de la Comisi\u00f3n de Justicia, comisiones encargadas de la implementaci\u00f3n de Sistema Estatal Anticorrupci\u00f3n.<\/p>\n<p class=\"x_gmail-MsoNoSpacing\">Cabe se\u00f1alar, que fueron 32 aspirantes registrados, de los cuales, 24 reunieron los requisitos establecidos en convocatoria previa y de estos se seleccion\u00f3 a Rafael Villase\u00f1or Villase\u00f1or, como presidente del Comit\u00e9 por un periodo de un a\u00f1o; Juan Jos\u00e9 Tena Garc\u00eda, por dos a\u00f1os; Elvia Higuera P\u00e9rez, por tres a\u00f1os; Rosmi Berenice Bonilla, por el tiempo de cuatro a\u00f1os; y Elizabeth V\u00e1zquez Bernal, quien formar\u00e1 parte del Comit\u00e9 por cinco a\u00f1os.<\/p>\n<p class=\"x_gmail-MsoNoSpacing\">\n","protected":false},"excerpt":{"rendered":"<p>&nbsp; Presidente de la Mesa Directiva del Congreso local celebra conformaci\u00f3n del Comit\u00e9 de Participaci\u00f3n Ciudadana del Sistema Estatal Anticorrupci\u00f3n \u00a0 Morelia; Michoac\u00e1n, 20 de diciembre de 2017.- \u00a0Integridad, independencia, compromiso y transparencia en su actuar es lo que se espera de los nuevos integrantes del Comit\u00e9 de Participaci\u00f3n Ciudadana del Sistema Estatal Anticorrupci\u00f3n, instrumento [&hellip;]<\/p>\n","protected":false},"author":2,"featured_media":48957,"comment_status":"closed","ping_status":"closed","sticky":false,"template":"","format":"standard","meta":{"footnotes":""},"categories":[6,14],"tags":[],"class_list":["post-48956","post","type-post","status-publish","format-standard","has-post-thumbnail","hentry","category-congreso-del-estado","category-destacadas"],"_links":{"self":[{"href":"https:\/\/radiowebmx.com\/nota\/wp-json\/wp\/v2\/posts\/48956","targetHints":{"allow":["GET"]}}],"collection":[{"href":"https:\/\/radiowebmx.com\/nota\/wp-json\/wp\/v2\/posts"}],"about":[{"href":"https:\/\/radiowebmx.com\/nota\/wp-json\/wp\/v2\/types\/post"}],"author":[{"embeddable":true,"href":"https:\/\/radiowebmx.com\/nota\/wp-json\/wp\/v2\/users\/2"}],"replies":[{"embeddable":true,"href":"https:\/\/radiowebmx.com\/nota\/wp-json\/wp\/v2\/comments?post=48956"}],"version-history":[{"count":1,"href":"https:\/\/radiowebmx.com\/nota\/wp-json\/wp\/v2\/posts\/48956\/revisions"}],"predecessor-version":[{"id":48959,"href":"https:\/\/radiowebmx.com\/nota\/wp-json\/wp\/v2\/posts\/48956\/revisions\/48959"}],"wp:featuredmedia":[{"embeddable":true,"href":"https:\/\/radiowebmx.com\/nota\/wp-json\/wp\/v2\/media\/48957"}],"wp:attachment":[{"href":"https:\/\/radiowebmx.com\/nota\/wp-json\/wp\/v2\/media?parent=48956"}],"wp:term":[{"taxonomy":"category","embeddable":true,"href":"https:\/\/radiowebmx.com\/nota\/wp-json\/wp\/v2\/categories?post=48956"},{"taxonomy":"post_tag","embeddable":true,"href":"https:\/\/radiowebmx.com\/nota\/wp-json\/wp\/v2\/tags?post=48956"}],"curies":[{"name":"wp","href":"https:\/\/api.w.org\/{rel}","templated":true}]}}