{"id":48953,"date":"2017-12-20T13:20:54","date_gmt":"2017-12-20T19:20:54","guid":{"rendered":"https:\/\/radiowebmx.com\/nota\/?p=48953"},"modified":"2017-12-20T13:51:50","modified_gmt":"2017-12-20T19:51:50","slug":"propone-regular-uso-de-pesticidas-y-agroquimicos-noemi-ramirez","status":"publish","type":"post","link":"https:\/\/radiowebmx.com\/nota\/propone-regular-uso-de-pesticidas-y-agroquimicos-noemi-ramirez\/","title":{"rendered":"Propone regular uso de pesticidas y agroqu\u00edmicos: Noem\u00ed Ram\u00edrez"},"content":{"rendered":"<p class=\"x_gmail-MsoNoSpacing\"><b>Morelia;\u00a0 Michoac\u00e1n, 20 de diciembre de 2017.-<\/b>\u00a0La diputada local del distrito VI de Zamora, Noem\u00ed Ram\u00edrez Bravo propuso regular el uso de pesticidas y agroqu\u00edmicos para evitar da\u00f1os en la salud de los michoacanos y fomentar la agricultura sustentable entre los productores, ya que con otras alternativas para el procesamiento de los cultivos pueden generarse ahorros econ\u00f3micos.<\/p>\n<p class=\"x_gmail-MsoNoSpacing\">\u201cUna de las alternativas es el uso del fertilizante org\u00e1nico que adem\u00e1s de generar un ahorro econ\u00f3mico para los productores agr\u00edcolas, tambi\u00e9n es sin\u00f3nimo de una medida de prevenci\u00f3n de enfermedades cancer\u00edgenas a las que pueden estar expuestos los michoacanos, tras el contacto constante con qu\u00edmicos que generan esas condiciones\u201d, puntualiz\u00f3 la legisladora, tras exponer su iniciativa de ley ante el pleno del Congreso del Estado.<\/p>\n<p class=\"x_gmail-MsoNoSpacing\">Coment\u00f3 que la iniciativa de ley tambi\u00e9n busca mejorar el desarrollo agr\u00edcola de Zamora porque al contar con recursos o alternativas distintas para el proceso, se pueden mejorar las condiciones de la poblaci\u00f3n en materia de salud y tambi\u00e9n de rendimiento en la producci\u00f3n.<\/p>\n<p class=\"x_gmail-MsoNoSpacing\">\u201cSabemos que los agricultores hacen un esfuerzo importante en la parte econ\u00f3mica al adquirir pesticidas que son caros y cuyo precio est\u00e1 supeditado a la inflaci\u00f3n de la moneda estadounidense. Se requiere que a trav\u00e9s de este tipo de pol\u00edticas tambi\u00e9n apoyemos su condici\u00f3n econ\u00f3mica y tambi\u00e9n busquen alternativas que no atenten contra la poblaci\u00f3n\u201d, dijo.<\/p>\n<p class=\"x_gmail-MsoNoSpacing\">Mencion\u00f3 que de utilizarse los fertilizantes org\u00e1nicos tambi\u00e9n se generar\u00edan resultados en materia ambiental porque no habr\u00eda una contaminaci\u00f3n a\u00e9rea a consecuencia del uso de agroqu\u00edmicos, ya que las part\u00edculas de los pesticidas se quedan en el aire.<\/p>\n<p class=\"x_gmail-MsoNoSpacing\">\u201cAdem\u00e1s se garantiza que las tierras de cultivo tengan un periodo de fertilidad m\u00e1s amplio porque la tierra no se desgasta con la composta que se pueda depositar. La intenci\u00f3n es que a trav\u00e9s de esta iniciativa de ley, se pueda dar una soluci\u00f3n integral, en donde los resultados sean m\u00faltiples\u201d, subray\u00f3.<\/p>\n<p class=\"x_gmail-MsoNoSpacing\">Agreg\u00f3 que el cierre de a\u00f1o ser\u00e1 intenso en materia legislativa, ya que tendr\u00e1 una participaci\u00f3n activa en el Congreso del Estado, desde donde buscar\u00e1 proponer las pol\u00edticas p\u00fablicas que atiendan a las necesidades de los michoacanos en diferentes rubros.<\/p>\n","protected":false},"excerpt":{"rendered":"<p>Morelia;\u00a0 Michoac\u00e1n, 20 de diciembre de 2017.-\u00a0La diputada local del distrito VI de Zamora, Noem\u00ed Ram\u00edrez Bravo propuso regular el uso de pesticidas y agroqu\u00edmicos para evitar da\u00f1os en la salud de los michoacanos y fomentar la agricultura sustentable entre los productores, ya que con otras alternativas para el procesamiento de los cultivos pueden generarse [&hellip;]<\/p>\n","protected":false},"author":2,"featured_media":48954,"comment_status":"closed","ping_status":"closed","sticky":false,"template":"","format":"standard","meta":{"footnotes":""},"categories":[6,14],"tags":[],"class_list":["post-48953","post","type-post","status-publish","format-standard","has-post-thumbnail","hentry","category-congreso-del-estado","category-destacadas"],"_links":{"self":[{"href":"https:\/\/radiowebmx.com\/nota\/wp-json\/wp\/v2\/posts\/48953","targetHints":{"allow":["GET"]}}],"collection":[{"href":"https:\/\/radiowebmx.com\/nota\/wp-json\/wp\/v2\/posts"}],"about":[{"href":"https:\/\/radiowebmx.com\/nota\/wp-json\/wp\/v2\/types\/post"}],"author":[{"embeddable":true,"href":"https:\/\/radiowebmx.com\/nota\/wp-json\/wp\/v2\/users\/2"}],"replies":[{"embeddable":true,"href":"https:\/\/radiowebmx.com\/nota\/wp-json\/wp\/v2\/comments?post=48953"}],"version-history":[{"count":1,"href":"https:\/\/radiowebmx.com\/nota\/wp-json\/wp\/v2\/posts\/48953\/revisions"}],"predecessor-version":[{"id":48955,"href":"https:\/\/radiowebmx.com\/nota\/wp-json\/wp\/v2\/posts\/48953\/revisions\/48955"}],"wp:featuredmedia":[{"embeddable":true,"href":"https:\/\/radiowebmx.com\/nota\/wp-json\/wp\/v2\/media\/48954"}],"wp:attachment":[{"href":"https:\/\/radiowebmx.com\/nota\/wp-json\/wp\/v2\/media?parent=48953"}],"wp:term":[{"taxonomy":"category","embeddable":true,"href":"https:\/\/radiowebmx.com\/nota\/wp-json\/wp\/v2\/categories?post=48953"},{"taxonomy":"post_tag","embeddable":true,"href":"https:\/\/radiowebmx.com\/nota\/wp-json\/wp\/v2\/tags?post=48953"}],"curies":[{"name":"wp","href":"https:\/\/api.w.org\/{rel}","templated":true}]}}