{"id":48950,"date":"2017-12-20T13:35:06","date_gmt":"2017-12-20T19:35:06","guid":{"rendered":"https:\/\/radiowebmx.com\/nota\/?p=48950"},"modified":"2017-12-20T13:35:06","modified_gmt":"2017-12-20T19:35:06","slug":"morelianos-disfrutan-de-las-actividades-decembrinas","status":"publish","type":"post","link":"https:\/\/radiowebmx.com\/nota\/morelianos-disfrutan-de-las-actividades-decembrinas\/","title":{"rendered":"Morelianos disfrutan de las actividades decembrinas"},"content":{"rendered":"<p>Con el firme compromiso de llevar a los morelianos y visitantes eventos de calidad, el Ayuntamiento, a trav\u00e9s de su Secretar\u00eda de Turismo, contin\u00faa invitando a las diversas actividades que se prepararon en el marco de estas fechas decembrinas.<\/p>\n<p>Thelma Aquique Arrieta, titular de la pol\u00edtica tur\u00edstica local, mencion\u00f3 que la activaci\u00f3n de los espacios p\u00fablicos ha tenido un gran flujo de personas disfrutando de actividades como las Villas Navide\u00f1as en la Plaza Melchor Ocampo que est\u00e1n en un horario de 17:00 a 19:00 horas hasta el pr\u00f3ximo 22 de diciembre para tomarse la foto con Santa Claus , el taller navide\u00f1o de Galletas en la Calzada Fray Antonio de San Miguel y en la misma Plaza Melchor Ocampo con un horario de 16:00 a 18:00 horas, la proyecci\u00f3n del Video Mapping en dos horarios 20:30 y 21:00 horas viernes y s\u00e1bado, con vigencia hasta el 8 de enero del 2018 y el tradicional encendido de Catedral, cada s\u00e1bado.<\/p>\n<p>Ante este panorama, Aquique Arrieta invit\u00f3 para que las familias morelianas salgan a disfrutar del Centro Hist\u00f3rico y presuman de las riquezas arquitect\u00f3nicas, tur\u00edsticas y culturales con las que cuenta la ciudad as\u00ed como la iluminaci\u00f3n especial que hay en diversos espacios p\u00fablicos ya que gracias al trabajo intermunicipal de varias dependencias como Servicios P\u00fablicos, la Gerencia del Patrimonio Cultural, la Secretar\u00eda de Cultura, el DIF Municipal y la Secretar\u00eda de Turismo de Morelia es que se pueden disfrutar de m\u00e1s de 50 actividades en el marco de estas fechas.<\/p>\n<p>La funcionaria, resalt\u00f3 el compromiso del Presidente Municipal, Alfonso Mart\u00ednez Alc\u00e1zar de promover y proyectar a la ciudad con todo el potencial que le caracteriza en materia tur\u00edstica y que gracias a los trabajos que han realizado las dependencias municipales miles de personas han salido a disfrutar de estos trabajos.<\/p>\n<p>Por \u00faltimo, extendi\u00f3 la invitaci\u00f3n para que la gente consulte todas las actividades programadas en el sitio web www.experienciamorelia.mx y a trav\u00e9s de sus redes sociales en Turismo Morelia MX o bien en sus Centro de Atenci\u00f3n al Turista ubicado en Benito Ju\u00e1rez #178 col. Centro.<\/p>\n","protected":false},"excerpt":{"rendered":"<p>Con el firme compromiso de llevar a los morelianos y visitantes eventos de calidad, el Ayuntamiento, a trav\u00e9s de su Secretar\u00eda de Turismo, contin\u00faa invitando a las diversas actividades que se prepararon en el marco de estas fechas decembrinas. Thelma Aquique Arrieta, titular de la pol\u00edtica tur\u00edstica local, mencion\u00f3 que la activaci\u00f3n de los espacios [&hellip;]<\/p>\n","protected":false},"author":2,"featured_media":48951,"comment_status":"closed","ping_status":"closed","sticky":false,"template":"","format":"standard","meta":{"footnotes":""},"categories":[14,60,9],"tags":[],"class_list":["post-48950","post","type-post","status-publish","format-standard","has-post-thumbnail","hentry","category-destacadas","category-michoacan","category-morelia"],"_links":{"self":[{"href":"https:\/\/radiowebmx.com\/nota\/wp-json\/wp\/v2\/posts\/48950","targetHints":{"allow":["GET"]}}],"collection":[{"href":"https:\/\/radiowebmx.com\/nota\/wp-json\/wp\/v2\/posts"}],"about":[{"href":"https:\/\/radiowebmx.com\/nota\/wp-json\/wp\/v2\/types\/post"}],"author":[{"embeddable":true,"href":"https:\/\/radiowebmx.com\/nota\/wp-json\/wp\/v2\/users\/2"}],"replies":[{"embeddable":true,"href":"https:\/\/radiowebmx.com\/nota\/wp-json\/wp\/v2\/comments?post=48950"}],"version-history":[{"count":1,"href":"https:\/\/radiowebmx.com\/nota\/wp-json\/wp\/v2\/posts\/48950\/revisions"}],"predecessor-version":[{"id":48952,"href":"https:\/\/radiowebmx.com\/nota\/wp-json\/wp\/v2\/posts\/48950\/revisions\/48952"}],"wp:featuredmedia":[{"embeddable":true,"href":"https:\/\/radiowebmx.com\/nota\/wp-json\/wp\/v2\/media\/48951"}],"wp:attachment":[{"href":"https:\/\/radiowebmx.com\/nota\/wp-json\/wp\/v2\/media?parent=48950"}],"wp:term":[{"taxonomy":"category","embeddable":true,"href":"https:\/\/radiowebmx.com\/nota\/wp-json\/wp\/v2\/categories?post=48950"},{"taxonomy":"post_tag","embeddable":true,"href":"https:\/\/radiowebmx.com\/nota\/wp-json\/wp\/v2\/tags?post=48950"}],"curies":[{"name":"wp","href":"https:\/\/api.w.org\/{rel}","templated":true}]}}