{"id":48946,"date":"2017-12-20T12:42:03","date_gmt":"2017-12-20T18:42:03","guid":{"rendered":"https:\/\/radiowebmx.com\/nota\/?p=48946"},"modified":"2017-12-20T13:00:37","modified_gmt":"2017-12-20T19:00:37","slug":"asiste-alfonso-martinez-a-toma-de-protesta-del-comite-de-participacion-ciudadana-del-sistema-estatal-anticorrupcion","status":"publish","type":"post","link":"https:\/\/radiowebmx.com\/nota\/asiste-alfonso-martinez-a-toma-de-protesta-del-comite-de-participacion-ciudadana-del-sistema-estatal-anticorrupcion\/","title":{"rendered":"Asiste Alfonso Mart\u00ednez a toma de protesta del Comit\u00e9 de Participaci\u00f3n ciudadana del Sistema Estatal Anticorrupci\u00f3n"},"content":{"rendered":"<p><a href=\"https:\/\/radiowebmx.com\/nota\/wp-content\/uploads\/2017\/12\/e53f1a21-eeca-4a5b-bf8c-57b4845755b3.jpeg\"><img loading=\"lazy\" decoding=\"async\" class=\"alignnone  wp-image-48948\" src=\"https:\/\/radiowebmx.com\/nota\/wp-content\/uploads\/2017\/12\/e53f1a21-eeca-4a5b-bf8c-57b4845755b3-595x339.jpeg\" alt=\"\" width=\"400\" height=\"228\" srcset=\"https:\/\/radiowebmx.com\/nota\/wp-content\/uploads\/2017\/12\/e53f1a21-eeca-4a5b-bf8c-57b4845755b3-595x339.jpeg 595w, https:\/\/radiowebmx.com\/nota\/wp-content\/uploads\/2017\/12\/e53f1a21-eeca-4a5b-bf8c-57b4845755b3-768x437.jpeg 768w, https:\/\/radiowebmx.com\/nota\/wp-content\/uploads\/2017\/12\/e53f1a21-eeca-4a5b-bf8c-57b4845755b3-960x547.jpeg 960w, https:\/\/radiowebmx.com\/nota\/wp-content\/uploads\/2017\/12\/e53f1a21-eeca-4a5b-bf8c-57b4845755b3.jpeg 1024w\" sizes=\"auto, (max-width: 400px) 100vw, 400px\" \/><\/a><\/p>\n<p>&nbsp;<\/p>\n<p>El Presidente Municipal de Morelia, Alfonso Mart\u00ednez Alc\u00e1zar, particip\u00f3 la ma\u00f1ana de este mi\u00e9rcoles en el evento de toma de protesta de los 5 nuevos integrantes del Comit\u00e9 de Participaci\u00f3n Ciudadana, del Sistema Estatal Anticorrupci\u00f3n.<\/p>\n<p>Acompa\u00f1ado por el Secretario de Gobierno del Estado Adri\u00e1n L\u00f3pez Sol\u00eds y diversos representantes de la sociedad civil y los medios de comunicaci\u00f3n, Mart\u00ednez Alc\u00e1zar se mostr\u00f3 complacido de participar en estos eventos que fomentan la participaci\u00f3n ciudadana en temas de suma trascendencia social como la lucha contra la corrupci\u00f3n.<\/p>\n<p>Al respecto, los cinco ciudadanos que rindieron protesta como integrantes del Comit\u00e9 de Participaci\u00f3n Ciudadana del Sistema Estatal Anticorrupci\u00f3n son: Elizabeth V\u00e1zquez Bernal, Maestra en Derecho de la Informaci\u00f3n, Docente y Analista Pol\u00edtica; Rosmi Berenice Bonilla Ure\u00f1a, Comunicadora con amplio bagaje en el gremio, Maestra en Gobierno y Docente; Elvia Higuera P\u00e9rez, Catedr\u00e1tica ex Consejera del Instituto Electoral de Michoac\u00e1n ,Licenciada en Derecho, experta el pol\u00edtica y gobernabilidad; Juan Jos\u00e9 Tena Garc\u00eda, Licenciado en Derecho y Ciencias Sociales y Candidato a Doctor en Derecho y Rafael Villase\u00f1or Villase\u00f1or, Maestro en Derecho Corporativo y con m\u00e1s de 15 a\u00f1os de experiencia como abogado y Catedr\u00e1tico.<\/p>\n<p>En el evento estuvieron presentes tambi\u00e9n representantes del Poder Legislativo y del Gobierno del Estado.<\/p>\n","protected":false},"excerpt":{"rendered":"<p>&nbsp; El Presidente Municipal de Morelia, Alfonso Mart\u00ednez Alc\u00e1zar, particip\u00f3 la ma\u00f1ana de este mi\u00e9rcoles en el evento de toma de protesta de los 5 nuevos integrantes del Comit\u00e9 de Participaci\u00f3n Ciudadana, del Sistema Estatal Anticorrupci\u00f3n. Acompa\u00f1ado por el Secretario de Gobierno del Estado Adri\u00e1n L\u00f3pez Sol\u00eds y diversos representantes de la sociedad civil y [&hellip;]<\/p>\n","protected":false},"author":2,"featured_media":48947,"comment_status":"closed","ping_status":"closed","sticky":false,"template":"","format":"standard","meta":{"footnotes":""},"categories":[14,60,9],"tags":[],"class_list":["post-48946","post","type-post","status-publish","format-standard","has-post-thumbnail","hentry","category-destacadas","category-michoacan","category-morelia"],"_links":{"self":[{"href":"https:\/\/radiowebmx.com\/nota\/wp-json\/wp\/v2\/posts\/48946","targetHints":{"allow":["GET"]}}],"collection":[{"href":"https:\/\/radiowebmx.com\/nota\/wp-json\/wp\/v2\/posts"}],"about":[{"href":"https:\/\/radiowebmx.com\/nota\/wp-json\/wp\/v2\/types\/post"}],"author":[{"embeddable":true,"href":"https:\/\/radiowebmx.com\/nota\/wp-json\/wp\/v2\/users\/2"}],"replies":[{"embeddable":true,"href":"https:\/\/radiowebmx.com\/nota\/wp-json\/wp\/v2\/comments?post=48946"}],"version-history":[{"count":1,"href":"https:\/\/radiowebmx.com\/nota\/wp-json\/wp\/v2\/posts\/48946\/revisions"}],"predecessor-version":[{"id":48949,"href":"https:\/\/radiowebmx.com\/nota\/wp-json\/wp\/v2\/posts\/48946\/revisions\/48949"}],"wp:featuredmedia":[{"embeddable":true,"href":"https:\/\/radiowebmx.com\/nota\/wp-json\/wp\/v2\/media\/48947"}],"wp:attachment":[{"href":"https:\/\/radiowebmx.com\/nota\/wp-json\/wp\/v2\/media?parent=48946"}],"wp:term":[{"taxonomy":"category","embeddable":true,"href":"https:\/\/radiowebmx.com\/nota\/wp-json\/wp\/v2\/categories?post=48946"},{"taxonomy":"post_tag","embeddable":true,"href":"https:\/\/radiowebmx.com\/nota\/wp-json\/wp\/v2\/tags?post=48946"}],"curies":[{"name":"wp","href":"https:\/\/api.w.org\/{rel}","templated":true}]}}