{"id":48927,"date":"2017-12-19T20:32:21","date_gmt":"2017-12-20T02:32:21","guid":{"rendered":"https:\/\/radiowebmx.com\/nota\/?p=48927"},"modified":"2017-12-20T10:43:42","modified_gmt":"2017-12-20T16:43:42","slug":"fuentes-de-morelia-sera-otra-avenida-segura","status":"publish","type":"post","link":"https:\/\/radiowebmx.com\/nota\/fuentes-de-morelia-sera-otra-avenida-segura\/","title":{"rendered":"Fuentes de Morelia ser\u00e1 otra avenida segura"},"content":{"rendered":"<ul>\n<li><strong>En breve ser\u00e1 intervenida esta calle.<\/strong><\/li>\n<li><strong>Se modernizar\u00e1 este tramo vial.<\/strong><\/li>\n<\/ul>\n<p>&nbsp;<\/p>\n<div>El Gobierno Municipal prepara la modernizaci\u00f3n de la calle Fuentes de Morelia, localizada al Sur de la ciudad, as\u00ed lo anunci\u00f3 la Secretar\u00eda de Desarrollo Metropolitano e Infraestructura que encabeza, Juan Fernando Sosa Tapia, quien asegur\u00f3 que esta acci\u00f3n responde a la modernizaci\u00f3n de la ciudad y atenci\u00f3n puntual a las vialidades.<\/p>\n<p>Destac\u00f3 que la Administraci\u00f3n Municipal que encabeza el Alcalde, Alfonso Mart\u00ednez Alc\u00e1zar rehabilitar\u00e1 esta importante arteria vial que conduce al Perif\u00e9rico Paseo de la Rep\u00fablica, punto del cual se pretende partir hasta su cruce con la calle Fuente de Soterra\u00f1a, como primer tramo a intervenir.<\/p>\n<p>Sosa Tapia detall\u00f3 que los trabajos espec\u00edficos que se realizar\u00e1n constan de una pavimentaci\u00f3n con concreto hidr\u00e1ulico, construcci\u00f3n de terracer\u00edas, banquetas, guarniciones, remplazo de redes de drenaje y agua potable.<\/p>\n<p>En aras de fortalecer la movilidad y seguridad de las vialidades de la ciudad, record\u00f3 que esta rehabilitaci\u00f3n permitir\u00e1 el flujo vehicular por la zona al anunciar que se prev\u00e9 intervenir en un sentido de la vialidad Fuentes de Morelia para posteriormente continuar con el otro sentido.<\/p>\n<p>De esta manera, se permitir\u00e1 la doble circulaci\u00f3n en lo que los trabajos tendientes a modernizar la vialidad avanzan, adem\u00e1s de brindar rutas alternas como lo ser\u00e1n las calles: Juana Mar\u00eda Estrada, Vallisoletana y Fuentes de Villalong\u00edn\u00a0 (a un costado de Costco); la segunda que comprende las vialidades Fuentes de Villalong\u00edn, Margarita Maza de Ju\u00e1rez y Camilo Camacho; mientras que la tercera es por Rey Tari\u00e1curi, Margarita Maza de Ju\u00e1rez y Fuentes de Villalong\u00edn.<\/p>\n<p>De esta manera el Ayuntamiento de Morelia contin\u00faa en la ejecuci\u00f3n de obras en todos los sectores de la ciudad y refrenda su compromiso de dotar a la ciudadan\u00eda de mejores vialidades.<\/p><\/div>\n","protected":false},"excerpt":{"rendered":"<p>En breve ser\u00e1 intervenida esta calle. Se modernizar\u00e1 este tramo vial. &nbsp; El Gobierno Municipal prepara la modernizaci\u00f3n de la calle Fuentes de Morelia, localizada al Sur de la ciudad, as\u00ed lo anunci\u00f3 la Secretar\u00eda de Desarrollo Metropolitano e Infraestructura que encabeza, Juan Fernando Sosa Tapia, quien asegur\u00f3 que esta acci\u00f3n responde a la modernizaci\u00f3n [&hellip;]<\/p>\n","protected":false},"author":2,"featured_media":48928,"comment_status":"closed","ping_status":"closed","sticky":false,"template":"","format":"standard","meta":{"footnotes":""},"categories":[14,60,9],"tags":[],"class_list":["post-48927","post","type-post","status-publish","format-standard","has-post-thumbnail","hentry","category-destacadas","category-michoacan","category-morelia"],"_links":{"self":[{"href":"https:\/\/radiowebmx.com\/nota\/wp-json\/wp\/v2\/posts\/48927","targetHints":{"allow":["GET"]}}],"collection":[{"href":"https:\/\/radiowebmx.com\/nota\/wp-json\/wp\/v2\/posts"}],"about":[{"href":"https:\/\/radiowebmx.com\/nota\/wp-json\/wp\/v2\/types\/post"}],"author":[{"embeddable":true,"href":"https:\/\/radiowebmx.com\/nota\/wp-json\/wp\/v2\/users\/2"}],"replies":[{"embeddable":true,"href":"https:\/\/radiowebmx.com\/nota\/wp-json\/wp\/v2\/comments?post=48927"}],"version-history":[{"count":1,"href":"https:\/\/radiowebmx.com\/nota\/wp-json\/wp\/v2\/posts\/48927\/revisions"}],"predecessor-version":[{"id":48929,"href":"https:\/\/radiowebmx.com\/nota\/wp-json\/wp\/v2\/posts\/48927\/revisions\/48929"}],"wp:featuredmedia":[{"embeddable":true,"href":"https:\/\/radiowebmx.com\/nota\/wp-json\/wp\/v2\/media\/48928"}],"wp:attachment":[{"href":"https:\/\/radiowebmx.com\/nota\/wp-json\/wp\/v2\/media?parent=48927"}],"wp:term":[{"taxonomy":"category","embeddable":true,"href":"https:\/\/radiowebmx.com\/nota\/wp-json\/wp\/v2\/categories?post=48927"},{"taxonomy":"post_tag","embeddable":true,"href":"https:\/\/radiowebmx.com\/nota\/wp-json\/wp\/v2\/tags?post=48927"}],"curies":[{"name":"wp","href":"https:\/\/api.w.org\/{rel}","templated":true}]}}