{"id":48923,"date":"2017-12-19T20:59:53","date_gmt":"2017-12-20T02:59:53","guid":{"rendered":"https:\/\/radiowebmx.com\/nota\/?p=48923"},"modified":"2017-12-20T10:42:06","modified_gmt":"2017-12-20T16:42:06","slug":"exitosa-segunda-presentacion-del-ensamble-contemporaneo-de-morelia","status":"publish","type":"post","link":"https:\/\/radiowebmx.com\/nota\/exitosa-segunda-presentacion-del-ensamble-contemporaneo-de-morelia\/","title":{"rendered":"Exitosa segunda presentaci\u00f3n del &#8220;Ensamble Contempor\u00e1neo de Morelia&#8221;"},"content":{"rendered":"<p><a href=\"https:\/\/radiowebmx.com\/nota\/wp-content\/uploads\/2017\/12\/935daf24-855e-4bb7-8ee0-76b9049b66f2.jpg\"><img loading=\"lazy\" decoding=\"async\" class=\"alignnone  wp-image-48924\" src=\"https:\/\/radiowebmx.com\/nota\/wp-content\/uploads\/2017\/12\/935daf24-855e-4bb7-8ee0-76b9049b66f2-595x397.jpg\" alt=\"\" width=\"399\" height=\"266\" srcset=\"https:\/\/radiowebmx.com\/nota\/wp-content\/uploads\/2017\/12\/935daf24-855e-4bb7-8ee0-76b9049b66f2-595x397.jpg 595w, https:\/\/radiowebmx.com\/nota\/wp-content\/uploads\/2017\/12\/935daf24-855e-4bb7-8ee0-76b9049b66f2-768x512.jpg 768w, https:\/\/radiowebmx.com\/nota\/wp-content\/uploads\/2017\/12\/935daf24-855e-4bb7-8ee0-76b9049b66f2-960x640.jpg 960w, https:\/\/radiowebmx.com\/nota\/wp-content\/uploads\/2017\/12\/935daf24-855e-4bb7-8ee0-76b9049b66f2-272x182.jpg 272w, https:\/\/radiowebmx.com\/nota\/wp-content\/uploads\/2017\/12\/935daf24-855e-4bb7-8ee0-76b9049b66f2.jpg 1280w\" sizes=\"auto, (max-width: 399px) 100vw, 399px\" \/><\/a><\/p>\n<p>&nbsp;<\/p>\n<p>En aras de promover la vocaci\u00f3n art\u00edstica y cultural de la ciudad, el Ayuntamiento present\u00f3 el segundo concierto del Ensamble Contempor\u00e1neo de Morelia, el cual tuvo lugar en la sala de los Ni\u00f1os Cantores del Conservatorio de las Rosas, al filo de las 19:00 horas.<\/p>\n<p>Es de recordar que esta agrupaci\u00f3n est\u00e1 conformada por 51 talentos juveniles de la capital michoacana, sopranos, bar\u00edtonos y m\u00fasicos que muestran su maestr\u00eda en cada presentaci\u00f3n.<\/p>\n<p>El Secretario de Cultura de Morelia, Miguel Salm\u00f3n del Real record\u00f3 que todas estas actividades son gratuitas y al alcance de toda la ciudadan\u00eda que quiera disfrutar de un rato ameno.<\/p>\n<p>Es de destacar que este programa musical inici\u00f3 con la canci\u00f3n del \u00c1rbol del Olvido de Alberto Ginastera, seguido de la Canci\u00f3n de cuna para dormir un negrito de Xavier Montsalvatge, Amiga que te vas, Caminando de Silvestre Revueltas, Toccata Carlos Ch\u00e1vez,\u00a0 El Arte de la Fuga: Contrapunctus I,\u00a0 VII y XII\u00a0 de Johann Sebastian Bach, Summa de Arvo P\u0101rt, entre otros.<\/p>\n<p>Durante el deleite de esta presentaci\u00f3n de m\u00fasica contempor\u00e1nea, la pieza Toccata fue dirigida por Salm\u00f3n del Real en la ejecuci\u00f3n de este Ensamble Contempor\u00e1neo de Morelia.<\/p>\n","protected":false},"excerpt":{"rendered":"<p>&nbsp; En aras de promover la vocaci\u00f3n art\u00edstica y cultural de la ciudad, el Ayuntamiento present\u00f3 el segundo concierto del Ensamble Contempor\u00e1neo de Morelia, el cual tuvo lugar en la sala de los Ni\u00f1os Cantores del Conservatorio de las Rosas, al filo de las 19:00 horas. Es de recordar que esta agrupaci\u00f3n est\u00e1 conformada por [&hellip;]<\/p>\n","protected":false},"author":2,"featured_media":48925,"comment_status":"closed","ping_status":"closed","sticky":false,"template":"","format":"standard","meta":{"footnotes":""},"categories":[14,60,9],"tags":[],"class_list":["post-48923","post","type-post","status-publish","format-standard","has-post-thumbnail","hentry","category-destacadas","category-michoacan","category-morelia"],"_links":{"self":[{"href":"https:\/\/radiowebmx.com\/nota\/wp-json\/wp\/v2\/posts\/48923","targetHints":{"allow":["GET"]}}],"collection":[{"href":"https:\/\/radiowebmx.com\/nota\/wp-json\/wp\/v2\/posts"}],"about":[{"href":"https:\/\/radiowebmx.com\/nota\/wp-json\/wp\/v2\/types\/post"}],"author":[{"embeddable":true,"href":"https:\/\/radiowebmx.com\/nota\/wp-json\/wp\/v2\/users\/2"}],"replies":[{"embeddable":true,"href":"https:\/\/radiowebmx.com\/nota\/wp-json\/wp\/v2\/comments?post=48923"}],"version-history":[{"count":1,"href":"https:\/\/radiowebmx.com\/nota\/wp-json\/wp\/v2\/posts\/48923\/revisions"}],"predecessor-version":[{"id":48926,"href":"https:\/\/radiowebmx.com\/nota\/wp-json\/wp\/v2\/posts\/48923\/revisions\/48926"}],"wp:featuredmedia":[{"embeddable":true,"href":"https:\/\/radiowebmx.com\/nota\/wp-json\/wp\/v2\/media\/48925"}],"wp:attachment":[{"href":"https:\/\/radiowebmx.com\/nota\/wp-json\/wp\/v2\/media?parent=48923"}],"wp:term":[{"taxonomy":"category","embeddable":true,"href":"https:\/\/radiowebmx.com\/nota\/wp-json\/wp\/v2\/categories?post=48923"},{"taxonomy":"post_tag","embeddable":true,"href":"https:\/\/radiowebmx.com\/nota\/wp-json\/wp\/v2\/tags?post=48923"}],"curies":[{"name":"wp","href":"https:\/\/api.w.org\/{rel}","templated":true}]}}