{"id":4887,"date":"2013-12-13T11:56:03","date_gmt":"2013-12-13T17:56:03","guid":{"rendered":"https:\/\/radiowebmx.com\/nota\/?p=4887"},"modified":"2013-12-13T11:56:03","modified_gmt":"2013-12-13T17:56:03","slug":"conmemoran-200-anos-de-sucesos-claves-para-la-historia-de-mexico-en-la-representacion-de-michoacan-en-el-df","status":"publish","type":"post","link":"https:\/\/radiowebmx.com\/nota\/conmemoran-200-anos-de-sucesos-claves-para-la-historia-de-mexico-en-la-representacion-de-michoacan-en-el-df\/","title":{"rendered":"CONMEMORAN 200 A\u00d1OS DE SUCESOS CLAVES PARA LA HISTORIA DE M\u00c9XICO, EN LA REPRESENTACI\u00d3N DE MICHOAC\u00c1N EN EL DF"},"content":{"rendered":"<p><a href=\"https:\/\/radiowebmx.com\/nota\/wp-content\/uploads\/2013\/12\/DSC_0339.jpg\"><img loading=\"lazy\" decoding=\"async\" class=\"alignleft size-full wp-image-4888\" alt=\"DSC_0339\" src=\"https:\/\/radiowebmx.com\/nota\/wp-content\/uploads\/2013\/12\/DSC_0339.jpg\" width=\"591\" height=\"379\" \/><\/a>Autoridades del\u00a0 \u00e1mbito pol\u00edtico nacional se dieron cita en la Representaci\u00f3n del Gobierno del Estado de Michoac\u00e1n en la Ciudad de M\u00e9xico, para conmemorar el Bicentenario del Primer Congreso de An\u00e1huac (1813) y de la promulgaci\u00f3n de la Constituci\u00f3n de Apatzing\u00e1n (1814), celebraci\u00f3n que sirvi\u00f3 de marco para rendir un significativo tributo a Ernesto Lemoine, destacado historiador que aport\u00f3 un valioso trabajo bibliogr\u00e1fico en torno a la figura de Jos\u00e9 Mar\u00eda Morelos.<\/p>\n<p>\u201cNos sentimos muy orgullosos de ser los anfitriones de este Foro-Recepci\u00f3n para rememorar tan importantes fechas en la historia de nuestro pa\u00eds, pues a trav\u00e9s de este acto se pretende dejar una huella simb\u00f3lica con signos que marquen, por un lado, lo que representaron las conmemoraciones de este 2013 que en unos cu\u00e1ntos d\u00edas concluir\u00e1, y lo que pueda marcar la perspectiva conmemorativa del pr\u00f3ximo a\u00f1o\u201d, asegur\u00f3 Omar P\u00e9rez Padilla, Representante del Gobierno de Michoac\u00e1n en el Distrito Federal.<\/p>\n<p>Entre los objetivos de este Foro-Recepci\u00f3n destacan la presentaci\u00f3n de las directrices que se siguieron para las conmemoraciones de 2013, tanto a nivel federal como en los Estados de Guerrero y Michoac\u00e1n, as\u00ed como establecer las l\u00edneas para las celebraciones del pr\u00f3ximo a\u00f1o.<\/p>\n<p>La Constituci\u00f3n de Apatzing\u00e1n fue promulgada el 22 de octubre de 1814, y marca el rumbo al pa\u00eds que entonces nac\u00eda.<\/p>\n<p>Se dieron cita en este evento legisladores federales y diputados del Congreso de Michoac\u00e1n, as\u00ed como historiadores y autoridades municipales de nuestra entidad.<\/p>\n<p>&nbsp;<\/p>\n<p><b>\u00a0<\/b><\/p>\n","protected":false},"excerpt":{"rendered":"<p>Autoridades del  \u00e1mbito pol\u00edtico nacional se dieron cita en la Representaci\u00f3n del Gobierno del Estado de Michoac\u00e1n en la Ciudad de M\u00e9xico, para conmemorar el Bicentenario del Primer Congreso de An\u00e1huac (1813) y de la promulgaci\u00f3n de la Constituci\u00f3n de Apatzing\u00e1n (1814), <\/p>\n","protected":false},"author":1,"featured_media":0,"comment_status":"open","ping_status":"open","sticky":false,"template":"","format":"standard","meta":{"footnotes":""},"categories":[14,3],"tags":[],"class_list":["post-4887","post","type-post","status-publish","format-standard","hentry","category-destacadas","category-gobierno-del-estado-de-michoacan"],"_links":{"self":[{"href":"https:\/\/radiowebmx.com\/nota\/wp-json\/wp\/v2\/posts\/4887","targetHints":{"allow":["GET"]}}],"collection":[{"href":"https:\/\/radiowebmx.com\/nota\/wp-json\/wp\/v2\/posts"}],"about":[{"href":"https:\/\/radiowebmx.com\/nota\/wp-json\/wp\/v2\/types\/post"}],"author":[{"embeddable":true,"href":"https:\/\/radiowebmx.com\/nota\/wp-json\/wp\/v2\/users\/1"}],"replies":[{"embeddable":true,"href":"https:\/\/radiowebmx.com\/nota\/wp-json\/wp\/v2\/comments?post=4887"}],"version-history":[{"count":2,"href":"https:\/\/radiowebmx.com\/nota\/wp-json\/wp\/v2\/posts\/4887\/revisions"}],"predecessor-version":[{"id":4890,"href":"https:\/\/radiowebmx.com\/nota\/wp-json\/wp\/v2\/posts\/4887\/revisions\/4890"}],"wp:attachment":[{"href":"https:\/\/radiowebmx.com\/nota\/wp-json\/wp\/v2\/media?parent=4887"}],"wp:term":[{"taxonomy":"category","embeddable":true,"href":"https:\/\/radiowebmx.com\/nota\/wp-json\/wp\/v2\/categories?post=4887"},{"taxonomy":"post_tag","embeddable":true,"href":"https:\/\/radiowebmx.com\/nota\/wp-json\/wp\/v2\/tags?post=4887"}],"curies":[{"name":"wp","href":"https:\/\/api.w.org\/{rel}","templated":true}]}}