{"id":4883,"date":"2013-12-12T11:07:12","date_gmt":"2013-12-12T17:07:12","guid":{"rendered":"https:\/\/radiowebmx.com\/nota\/?p=4883"},"modified":"2013-12-12T11:07:12","modified_gmt":"2013-12-12T17:07:12","slug":"reconoce-magana-de-la-mora-solidaridad-del-ayuntamiento-de-patzcuaro-para-la-implementacion-del-nuevo-sistema-de-justicia-penal","status":"publish","type":"post","link":"https:\/\/radiowebmx.com\/nota\/reconoce-magana-de-la-mora-solidaridad-del-ayuntamiento-de-patzcuaro-para-la-implementacion-del-nuevo-sistema-de-justicia-penal\/","title":{"rendered":"Reconoce Maga\u00f1a de la Mora solidaridad del Ayuntamiento de P\u00e1tzcuaro para la implementaci\u00f3n del nuevo sistema de justicia penal"},"content":{"rendered":"<p><a href=\"https:\/\/radiowebmx.com\/nota\/wp-content\/uploads\/2013\/12\/11.jpg\"><img loading=\"lazy\" decoding=\"async\" class=\"alignleft size-full wp-image-4884\" alt=\"1\" src=\"https:\/\/radiowebmx.com\/nota\/wp-content\/uploads\/2013\/12\/11.jpg\" width=\"591\" height=\"296\" \/><\/a>En el marco del segundo informe de gobierno de Salma Karrum Cervantes, presidenta municipal de P\u00e1tzcuaro,\u00a0 Juan Antonio Maga\u00f1a de la Mora, presidente del Supremo Tribunal de Justicia y del Consejo del Poder Judicial reconoci\u00f3 el apoyo continuo de dicho municipio en la implementaci\u00f3n del Nuevo sistema de seguridad p\u00fablica y justicia penal.<\/p>\n<p>&nbsp;<\/p>\n<p>En entrevista con medios de comunicaci\u00f3n,\u00a0 Maga\u00f1a de la Mora se\u00f1al\u00f3 que: \u201cEl Poder Judicial de Michoac\u00e1n reconoce el apoyo del Ayuntamiento de P\u00e1tzcuaro\u00a0 y en especial de su presidenta municipal, Salma Karrum Cervantes, ya que llev\u00f3 a cabo la donaci\u00f3n del terreno en el que actualmente se construye el Centro de Mediaci\u00f3n de P\u00e1tzcuaro y dos salas de juicio oral&#8221;. Dicho municipio, forma parte de la primera regi\u00f3n en la que entrar\u00e1 en vigor el nuevo sistema de seguridad p\u00fablica y justicia penal el pr\u00f3ximo 3 de febrero de 2014, junto con los distritos judiciales de Morelia y Zinap\u00e9cuaro.<\/p>\n<p>&nbsp;<\/p>\n<p>Maga\u00f1a de la Mora agreg\u00f3 que adem\u00e1s se est\u00e1n realizando los estudios pertinentes para que en este mismo lugar, se asigne un espacio a personal de la Procuradur\u00eda de Justicia del Estado y Defensor\u00eda P\u00fablica, as\u00ed como los juzgados tradicionales en materia penal civil.<\/p>\n","protected":false},"excerpt":{"rendered":"<p>En el marco del segundo informe de gobierno de Salma Karrum Cervantes, presidenta municipal de P\u00e1tzcuaro,  Juan Antonio Maga\u00f1a de la Mora, presidente del Supremo Tribunal de Justicia y del Consejo del Poder Judicial reconoci\u00f3 el apoyo continuo de dicho municipio en la implementaci\u00f3n del Nuevo sistema de seguridad p\u00fablica y justicia penal.<\/p>\n","protected":false},"author":1,"featured_media":0,"comment_status":"open","ping_status":"open","sticky":false,"template":"","format":"standard","meta":{"footnotes":""},"categories":[14,3],"tags":[],"class_list":["post-4883","post","type-post","status-publish","format-standard","hentry","category-destacadas","category-gobierno-del-estado-de-michoacan"],"_links":{"self":[{"href":"https:\/\/radiowebmx.com\/nota\/wp-json\/wp\/v2\/posts\/4883","targetHints":{"allow":["GET"]}}],"collection":[{"href":"https:\/\/radiowebmx.com\/nota\/wp-json\/wp\/v2\/posts"}],"about":[{"href":"https:\/\/radiowebmx.com\/nota\/wp-json\/wp\/v2\/types\/post"}],"author":[{"embeddable":true,"href":"https:\/\/radiowebmx.com\/nota\/wp-json\/wp\/v2\/users\/1"}],"replies":[{"embeddable":true,"href":"https:\/\/radiowebmx.com\/nota\/wp-json\/wp\/v2\/comments?post=4883"}],"version-history":[{"count":1,"href":"https:\/\/radiowebmx.com\/nota\/wp-json\/wp\/v2\/posts\/4883\/revisions"}],"predecessor-version":[{"id":4885,"href":"https:\/\/radiowebmx.com\/nota\/wp-json\/wp\/v2\/posts\/4883\/revisions\/4885"}],"wp:attachment":[{"href":"https:\/\/radiowebmx.com\/nota\/wp-json\/wp\/v2\/media?parent=4883"}],"wp:term":[{"taxonomy":"category","embeddable":true,"href":"https:\/\/radiowebmx.com\/nota\/wp-json\/wp\/v2\/categories?post=4883"},{"taxonomy":"post_tag","embeddable":true,"href":"https:\/\/radiowebmx.com\/nota\/wp-json\/wp\/v2\/tags?post=4883"}],"curies":[{"name":"wp","href":"https:\/\/api.w.org\/{rel}","templated":true}]}}