{"id":4868,"date":"2013-12-12T10:53:15","date_gmt":"2013-12-12T16:53:15","guid":{"rendered":"https:\/\/radiowebmx.com\/nota\/?p=4868"},"modified":"2013-12-12T10:53:15","modified_gmt":"2013-12-12T16:53:15","slug":"semujer-realiza-foro-de-actualizacion-del-marco-juridico-sobre-violencia-contra-las-mujeres","status":"publish","type":"post","link":"https:\/\/radiowebmx.com\/nota\/semujer-realiza-foro-de-actualizacion-del-marco-juridico-sobre-violencia-contra-las-mujeres\/","title":{"rendered":"SEMUJER REALIZA FORO DE ACTUALIZACI\u00d3N DEL MARCO JUR\u00cdDICO SOBRE VIOLENCIA CONTRA LAS MUJERES"},"content":{"rendered":"<p><a href=\"https:\/\/radiowebmx.com\/nota\/wp-content\/uploads\/2013\/12\/Diciembre-Foro.-005.jpg\"><img loading=\"lazy\" decoding=\"async\" class=\"alignleft size-full wp-image-4869\" alt=\"Diciembre Foro. 005\" src=\"https:\/\/radiowebmx.com\/nota\/wp-content\/uploads\/2013\/12\/Diciembre-Foro.-005.jpg\" width=\"591\" height=\"283\" \/><\/a>La Secretar\u00eda de la Mujer (Semujer), inaugur\u00f3 el Foro denominado Actualizaci\u00f3n del Marco Jur\u00eddico de Violencia contra las Mujeres, con el fin de analizar la normativa en materia de violencia de g\u00e9nero, y formular propuestas para su fortalecimiento y operaci\u00f3n en beneficio de las michoacanas.<\/p>\n<p>&nbsp;<\/p>\n<p>En el foro que tendr\u00e1 una duraci\u00f3n de dos d\u00edas, se desarrollar\u00e1n conferencias a cargo de especialistas y se realizar\u00e1n mesas de trabajo con tres temas fundamentales: \u00d3rdenes de Protecci\u00f3n; Nuevo Sistema de Justicia Penal con Perspectiva de G\u00e9nero, y An\u00e1lisis de la Ley por una Vida Libre de Violencia para las Mujeres.<\/p>\n<p>&nbsp;<\/p>\n<p>La secretaria de la Mujer, Consuelo Muro Urista, celebr\u00f3 la participaci\u00f3n de integrantes de la academia, de personal de instituciones gubernamentales federales, estatales y municipales; as\u00ed como de asociaciones civiles y especialistas en violencia de g\u00e9nero y Derechos Humanos de las mujeres.<\/p>\n<p>&nbsp;<\/p>\n<p>\u201cEl objetivo principal del foro es primero coincidir, como lo hemos hecho en este tema jur\u00eddico y de gran trascendencia, donde cada an\u00e1lisis y cada conclusi\u00f3n que se obtenga de las diferentes mesas es importante para las aportaciones de una armonizaci\u00f3n legislativa que podamos proponer como Ejecutivo del Estado\u201d, puntualiz\u00f3.<\/p>\n<p>&nbsp;<\/p>\n<p>La funcionaria estatal destac\u00f3 la aportaci\u00f3n de las diferentes visiones y experiencias que se podr\u00e1n obtener del encuentro para formular propuestas tanto para la Ley por una Vida Libre de Violencia contra las Mujeres del Estado de Michoac\u00e1n, as\u00ed como en el C\u00f3digo Penal, Civil y Familiar en cuanto a la materia que comprende el tema de la mujer y la violencia de g\u00e9nero en sus diferentes tipos.<\/p>\n<p>&nbsp;<\/p>\n<p>\u201cMuchas gracias por estar aqu\u00ed, por compartir sus experiencias, sus conocimientos para plasmarlo posteriormente en ese documento que s\u00e9 que habr\u00e1 de modificar en mucho y armonizar nuestro estatus legislativo\u201d, sostuvo.<\/p>\n<p>&nbsp;<\/p>\n<p>&nbsp;<\/p>\n<p>El director de Asuntos Jur\u00eddicos del Gobierno del Estado, Ricardo Flores Navarro, al inaugurar formalmente el foro, se\u00f1al\u00f3 que indiscutiblemente la forma vertiginosa en que el Sistema Jur\u00eddico Mexicano se ha venido transformando en los primeros 13 a\u00f1os del siglo XXI ha permitido una evoluci\u00f3n en algunos aspectos, sin embargo dijo, hay asignaturas pendientes.<\/p>\n<p>&nbsp;<\/p>\n<p>\u201cGracias a eventos como \u00e9ste, al esfuerzo por parte de la Secretar\u00eda de la Mujer de manera institucional se pretende promover la equidad de g\u00e9nero y prevenir la violencia contra las mujeres, estimo que ciertamente el resultado de este trabajo se debe trasladar al interior del estado, para que el tejido social sea fortalecido\u201d, manifest\u00f3.<\/p>\n<p>&nbsp;<\/p>\n<p>Durante su participaci\u00f3n, el presidente de la Comisi\u00f3n Estatal de los Derechos Humanos (CEDH), Jos\u00e9 Mar\u00eda C\u00e1zares Sol\u00f3rzano, manifest\u00f3 que se debe fortalecer la cultura de la denuncia y superar la distinci\u00f3n entre hombres y mujeres para hablar de seres humanos.<\/p>\n<p>&nbsp;<\/p>\n<p>Celebr\u00f3 la realizaci\u00f3n del foro, tras referir que la intensi\u00f3n es fortalecer la cultura del respeto. \u201cDebemos de dar mayor n\u00famero de capacitaciones al interior del estado, penetrar m\u00e1s en la sociedad, hacerle ver que las instituciones estamos para servirles, auguro buen \u00e9xito en este foro\u201d, apunt\u00f3.<\/p>\n<p>&nbsp;<\/p>\n<p>Durante la inauguraci\u00f3n del evento, tambi\u00e9n estuvieron presentes, Mar\u00eda de la Luz Pacheco, fiscal especial de Violencia Familiar, en representaci\u00f3n del encargado del Despacho de la Procuradur\u00eda General de Justicia del Estado (PGJE), Marco Vinicio Aguilera Garibay; as\u00ed como Javier Valdespino Garc\u00eda, director de la Defensor\u00eda de Oficio del Gobierno del Estado.<\/p>\n","protected":false},"excerpt":{"rendered":"<p>La Secretar\u00eda de la Mujer (Semujer), inaugur\u00f3 el Foro denominado Actualizaci\u00f3n del Marco Jur\u00eddico de Violencia contra las Mujeres, con el fin de analizar la normativa en materia de violencia de g\u00e9nero, y formular propuestas para su fortalecimiento y operaci\u00f3n en beneficio de las michoacanas<\/p>\n","protected":false},"author":1,"featured_media":0,"comment_status":"open","ping_status":"open","sticky":false,"template":"","format":"standard","meta":{"footnotes":""},"categories":[14,3],"tags":[],"class_list":["post-4868","post","type-post","status-publish","format-standard","hentry","category-destacadas","category-gobierno-del-estado-de-michoacan"],"_links":{"self":[{"href":"https:\/\/radiowebmx.com\/nota\/wp-json\/wp\/v2\/posts\/4868","targetHints":{"allow":["GET"]}}],"collection":[{"href":"https:\/\/radiowebmx.com\/nota\/wp-json\/wp\/v2\/posts"}],"about":[{"href":"https:\/\/radiowebmx.com\/nota\/wp-json\/wp\/v2\/types\/post"}],"author":[{"embeddable":true,"href":"https:\/\/radiowebmx.com\/nota\/wp-json\/wp\/v2\/users\/1"}],"replies":[{"embeddable":true,"href":"https:\/\/radiowebmx.com\/nota\/wp-json\/wp\/v2\/comments?post=4868"}],"version-history":[{"count":1,"href":"https:\/\/radiowebmx.com\/nota\/wp-json\/wp\/v2\/posts\/4868\/revisions"}],"predecessor-version":[{"id":4870,"href":"https:\/\/radiowebmx.com\/nota\/wp-json\/wp\/v2\/posts\/4868\/revisions\/4870"}],"wp:attachment":[{"href":"https:\/\/radiowebmx.com\/nota\/wp-json\/wp\/v2\/media?parent=4868"}],"wp:term":[{"taxonomy":"category","embeddable":true,"href":"https:\/\/radiowebmx.com\/nota\/wp-json\/wp\/v2\/categories?post=4868"},{"taxonomy":"post_tag","embeddable":true,"href":"https:\/\/radiowebmx.com\/nota\/wp-json\/wp\/v2\/tags?post=4868"}],"curies":[{"name":"wp","href":"https:\/\/api.w.org\/{rel}","templated":true}]}}