{"id":4860,"date":"2013-12-12T10:43:59","date_gmt":"2013-12-12T16:43:59","guid":{"rendered":"https:\/\/radiowebmx.com\/nota\/?p=4860"},"modified":"2013-12-12T10:44:13","modified_gmt":"2013-12-12T16:44:13","slug":"es-indispensable-una-ley-que-proteja-a-menores-infractores-para-su-debida-reinsercion-social-jose-sebastian-naranjo","status":"publish","type":"post","link":"https:\/\/radiowebmx.com\/nota\/es-indispensable-una-ley-que-proteja-a-menores-infractores-para-su-debida-reinsercion-social-jose-sebastian-naranjo\/","title":{"rendered":"Es indispensable una Ley que proteja a menores infractores para su debida reinserci\u00f3n social: Jos\u00e9 Sebasti\u00e1n Naranjo"},"content":{"rendered":"<p><span style=\"font-size: large;\"><a href=\"https:\/\/radiowebmx.com\/nota\/wp-content\/uploads\/2013\/02\/Dip.-Sebasti\u00e1n-Naranjo-Blanco.jpg\"><img loading=\"lazy\" decoding=\"async\" class=\"alignleft size-full wp-image-1520\" alt=\"Dip. Sebasti\u00e1n Naranjo Blanco\" src=\"https:\/\/radiowebmx.com\/nota\/wp-content\/uploads\/2013\/02\/Dip.-Sebasti\u00e1n-Naranjo-Blanco.jpg\" width=\"591\" height=\"320\" \/><\/a>Con la Iniciativa de Ley Acusatoria Adversarial de Justicia Integral para Adolescentes del Estado de Michoac\u00e1n, presentada hace unos meses ante el Pleno del Poder Legislativo del Estado por el diputado Jos\u00e9 Sebasti\u00e1n Naranjo Blanco, integrante del Grupo Parlamentario del Partido Acci\u00f3n Nacional; se pretende establecer la prevenci\u00f3n, as\u00ed como la procuraci\u00f3n para menores, tanto v\u00edctimas como infractores; tomando en cuenta factores como el desarrollo familiar, la educaci\u00f3n permanente, el tratamiento psicol\u00f3gico y b\u00e1sicamente, un sistema de justicia que los libere de procedimientos tortuosos y que, tanto la v\u00edctima u ofendido como el probable responsable, tengan la misma posibilidad de recibir justicia mediante juicios breves, compactos y eficientes, y con ello, garantizar la protecci\u00f3n de los menores que incurran en desacatos legales en la entidad.<\/span><\/p>\n<p><span style=\"font-size: large;\">El diputado Jos\u00e9 Sebasti\u00e1n Naranjo Blanco, se\u00f1al\u00f3 que la delincuencia juvenil es un fen\u00f3meno que representa un problema criminol\u00f3gico alarmante, el cual crece r\u00e1pidamente a nivel nacional e internacional, \u201cante tal escenario es urgente tomar medidas que limiten\u00a0su incorporaci\u00f3n a sectores que los pervierten e inducen al da\u00f1o en contra de otras personas, por ello, dentro de esta Iniciativa se estipulan los principios rectores que habr\u00e1 de observar la administraci\u00f3n de justicia para adolescentes, los derechos y garant\u00edas fundamentales de \u00e9stos, los medios de apremio al momento de juzgar, esto es, desde el apercibimiento hasta el arresto.<\/span><\/p>\n<p><span style=\"font-size: large;\">En el mismo contexto, el legislador del Partido Acci\u00f3n Nacional, subray\u00f3 que la intenci\u00f3n principal es armonizar la legislaci\u00f3n estatal con los tratados internacionales, ya que se plantea modificar la justicia impartida a los menores de entre 12 a\u00f1os y 18 no cumplidos, \u201cla intenci\u00f3n es salvaguardar los derechos de los menores infractores, actualizando el marco jur\u00eddico, homogeneizando disposiciones y facilitando el trabajo de las instituciones de readaptaci\u00f3n social, para que \u00e9stos cumplan sus objetivos sobre los adolescentes\u201d.<\/span><\/p>\n<p><span style=\"font-size: large;\">Naranjo Blanco subray\u00f3 la importancia de poner un freno a las conductas que se apartan de la ley, \u201cpero tambi\u00e9n existe un deber del Estado para proteger y preservar a estos menores y s\u00f3lo con una atenci\u00f3n adecuada se les pueden ofrecer condiciones para readaptar su capacidad f\u00edsica y psicol\u00f3gica a una pronta reinserci\u00f3n social\u201d, reiter\u00f3 el diputado del blanquiazul.<\/span><\/p>\n<p><span style=\"font-size: large;\">Finalmente, el parlamentario michoacano se\u00f1al\u00f3 que aunque la entidad ya cuenta con una Ley de Justicia Integral para Adolescentes, se requiere armonizar la normatividad estatal, nacional e inclusive internacional en beneficio de los propios infantes, especialmente con el Nuevo Sistema de Justicia Penal que se estar\u00e1 implementando en Michoac\u00e1n ya pr\u00f3ximamente en el 2014, espera pronto sea aprobada ante el Pleno, ya que actualmente se encuentra en Comisiones Legislativas en an\u00e1lisis para su dictaminaci\u00f3n.<\/span><\/p>\n","protected":false},"excerpt":{"rendered":"<p>Con la Iniciativa de Ley Acusatoria Adversarial de Justicia Integral para Adolescentes del Estado de Michoac\u00e1n, presentada hace unos meses ante el Pleno del Poder Legislativo del Estado por el diputado Jos\u00e9 Sebasti\u00e1n Naranjo Blanco, integrante del Grupo Parlamentario del Partido Acci\u00f3n Nacional; <\/p>\n","protected":false},"author":1,"featured_media":0,"comment_status":"open","ping_status":"open","sticky":false,"template":"","format":"standard","meta":{"footnotes":""},"categories":[6,14,8],"tags":[],"class_list":["post-4860","post","type-post","status-publish","format-standard","hentry","category-congreso-del-estado","category-destacadas","category-grupo-parlamentario-del-pan"],"_links":{"self":[{"href":"https:\/\/radiowebmx.com\/nota\/wp-json\/wp\/v2\/posts\/4860","targetHints":{"allow":["GET"]}}],"collection":[{"href":"https:\/\/radiowebmx.com\/nota\/wp-json\/wp\/v2\/posts"}],"about":[{"href":"https:\/\/radiowebmx.com\/nota\/wp-json\/wp\/v2\/types\/post"}],"author":[{"embeddable":true,"href":"https:\/\/radiowebmx.com\/nota\/wp-json\/wp\/v2\/users\/1"}],"replies":[{"embeddable":true,"href":"https:\/\/radiowebmx.com\/nota\/wp-json\/wp\/v2\/comments?post=4860"}],"version-history":[{"count":3,"href":"https:\/\/radiowebmx.com\/nota\/wp-json\/wp\/v2\/posts\/4860\/revisions"}],"predecessor-version":[{"id":4863,"href":"https:\/\/radiowebmx.com\/nota\/wp-json\/wp\/v2\/posts\/4860\/revisions\/4863"}],"wp:attachment":[{"href":"https:\/\/radiowebmx.com\/nota\/wp-json\/wp\/v2\/media?parent=4860"}],"wp:term":[{"taxonomy":"category","embeddable":true,"href":"https:\/\/radiowebmx.com\/nota\/wp-json\/wp\/v2\/categories?post=4860"},{"taxonomy":"post_tag","embeddable":true,"href":"https:\/\/radiowebmx.com\/nota\/wp-json\/wp\/v2\/tags?post=4860"}],"curies":[{"name":"wp","href":"https:\/\/api.w.org\/{rel}","templated":true}]}}