{"id":4839,"date":"2013-12-11T11:27:03","date_gmt":"2013-12-11T17:27:03","guid":{"rendered":"https:\/\/radiowebmx.com\/nota\/?p=4839"},"modified":"2013-12-11T11:27:03","modified_gmt":"2013-12-11T17:27:03","slug":"somos-un-engranaje-cada-integrante-del-poder-judicial-de-michoacan-debe-funcionar-de-manera-correcta-para-dar-un-servicio-de-calidad-magana-de-la-mora","status":"publish","type":"post","link":"https:\/\/radiowebmx.com\/nota\/somos-un-engranaje-cada-integrante-del-poder-judicial-de-michoacan-debe-funcionar-de-manera-correcta-para-dar-un-servicio-de-calidad-magana-de-la-mora\/","title":{"rendered":"Somos un engranaje, cada integrante del Poder Judicial de Michoac\u00e1n debe funcionar de manera correcta para dar un servicio de calidad: Maga\u00f1a de la Mora"},"content":{"rendered":"<p><a href=\"https:\/\/radiowebmx.com\/nota\/wp-content\/uploads\/2013\/12\/1.jpg\"><img loading=\"lazy\" decoding=\"async\" class=\"alignleft size-full wp-image-4840\" alt=\"1\" src=\"https:\/\/radiowebmx.com\/nota\/wp-content\/uploads\/2013\/12\/1.jpg\" width=\"591\" height=\"296\" \/><\/a>Desde el inicio de su gesti\u00f3n, Juan Antonio Maga\u00f1a de la Mora, presidente del Supremo Tribunal de Justicia y del Consejo del Poder Judicial de Michoac\u00e1n, ha priorizado el acercamiento con el personal de la instituci\u00f3n, consciente de la importancia que tiene la labor de cada uno en el servicio que se presta a la ciudadan\u00eda.<\/p>\n<p>Por lo anterior, se han aprovechado las nuevas tecnolog\u00edas de informaci\u00f3n para contar con herramientas como la intranet, a trav\u00e9s de la cual, servidores p\u00fablicos del Poder Judicial de Michoac\u00e1n pueden estar en comunicaci\u00f3n directa con la presidencia a trav\u00e9s de mensajes; asimismo, la ciudadan\u00eda puede enviar comentarios a trav\u00e9s de la p\u00e1gina web y en solo cuatro semanas se han recibido y contestado alrededor de 150 mensajes, entre ambas herramientas.<\/p>\n<p>Durante el recorrido por los juzgados de Zit\u00e1cuaro, Maga\u00f1a de la Mora se dirigi\u00f3 al personal para invitarlos a seguir en comunicaci\u00f3n y aprovechar estas herramientas implementadas en el Poder Judicial, as\u00ed como la firma electr\u00f3nica de recibos de n\u00f3mina, la solicitud de materiales de almac\u00e9n en l\u00ednea, y el llenado de informes estad\u00edsticos en l\u00ednea, con lo cual se ahorran recursos materiales para aportar a las finanzas del estado,<\/p>\n<p>Acompa\u00f1ado por los magistrados Dora Elia Herrej\u00f3n Saucedo, Sergio Fern\u00e1ndez Villagr\u00e1n y Rafael Ortiz Govea, el magistrado presidente coment\u00f3 que tanto el Consejo del Poder Judicial como el pleno del Supremo Tribunal de Justicia del Estado est\u00e1n pendientes y cerca de todo el personal.<\/p>\n<p>\u201cSomos un engranaje, cada una de las partes de la instituci\u00f3n debe estar funcionando de manera correcta para que demos un servicio de calidad. Los abogados tambi\u00e9n forman parte de este engranaje judicial, los invito a que nos hagan sus comentarios porque de manera conjunta podemos abonar para fortalecer este servicio\u201d.<\/p>\n<p>Se\u00f1al\u00f3 que las personas que asisten a un juzgado van por un servicio, \u201cpensemos que en cada expediente hay un asunto que implica la angustia de alguien que vino a dirimir una controversia y que est\u00e1 en manos de todos nosotros resolverla\u201d.<\/p>\n<p>En el recorrido se visitaron los dos juzgados civiles de Zit\u00e1cuaro, dos penales, un juzgado menor, el juzgado de ejecuci\u00f3n de sanciones penales y la oficina de mediaci\u00f3n, en donde los magistrados se dirigieron tambi\u00e9n al personal.<\/p>\n<p>Fern\u00e1ndez Villagr\u00e1n les conmin\u00f3 a que se acerquen ante cualquier duda que tengan para resolver o dirimir un asunto, pues esto redundar\u00e1 en beneficio de la buena administraci\u00f3n de justicia puesto que se resolver\u00e1n m\u00e1s pronto y de mejor manera.<\/p>\n<p>&nbsp;<\/p>\n<p>&nbsp;<\/p>\n<p>Por su parte, Herrej\u00f3n Saucedo coment\u00f3 que va en representaci\u00f3n de todos los magistrados de Morelia para decirles que hay un v\u00ednculo abierto de comunicaci\u00f3n en aras de tener una correspondencia y coadyuvar para que el servicio que dan a la poblaci\u00f3n sea de excelencia.<\/p>\n<p>Finalmente, Ortiz Govea se\u00f1al\u00f3 que Zit\u00e1cuaro tiene carga de trabajo importante y que la sociedad requiere que se preste mucha atenci\u00f3n en cada asunto, por lo que los invit\u00f3 a cerrar filas para realizar la labor de manera muy humana y que la sociedad se vea debidamente atendida.<\/p>\n<p>&nbsp;<\/p>\n<p>&nbsp;<\/p>\n","protected":false},"excerpt":{"rendered":"<p>Desde el inicio de su gesti\u00f3n, Juan Antonio Maga\u00f1a de la Mora, presidente del Supremo Tribunal de Justicia y del Consejo del Poder Judicial de Michoac\u00e1n, ha priorizado el acercamiento con el personal de la instituci\u00f3n, consciente de la importancia que tiene la labor de cada uno en el servicio que se presta a la ciudadan\u00eda.<\/p>\n","protected":false},"author":1,"featured_media":0,"comment_status":"open","ping_status":"open","sticky":false,"template":"","format":"standard","meta":{"footnotes":""},"categories":[14,3],"tags":[],"class_list":["post-4839","post","type-post","status-publish","format-standard","hentry","category-destacadas","category-gobierno-del-estado-de-michoacan"],"_links":{"self":[{"href":"https:\/\/radiowebmx.com\/nota\/wp-json\/wp\/v2\/posts\/4839","targetHints":{"allow":["GET"]}}],"collection":[{"href":"https:\/\/radiowebmx.com\/nota\/wp-json\/wp\/v2\/posts"}],"about":[{"href":"https:\/\/radiowebmx.com\/nota\/wp-json\/wp\/v2\/types\/post"}],"author":[{"embeddable":true,"href":"https:\/\/radiowebmx.com\/nota\/wp-json\/wp\/v2\/users\/1"}],"replies":[{"embeddable":true,"href":"https:\/\/radiowebmx.com\/nota\/wp-json\/wp\/v2\/comments?post=4839"}],"version-history":[{"count":1,"href":"https:\/\/radiowebmx.com\/nota\/wp-json\/wp\/v2\/posts\/4839\/revisions"}],"predecessor-version":[{"id":4841,"href":"https:\/\/radiowebmx.com\/nota\/wp-json\/wp\/v2\/posts\/4839\/revisions\/4841"}],"wp:attachment":[{"href":"https:\/\/radiowebmx.com\/nota\/wp-json\/wp\/v2\/media?parent=4839"}],"wp:term":[{"taxonomy":"category","embeddable":true,"href":"https:\/\/radiowebmx.com\/nota\/wp-json\/wp\/v2\/categories?post=4839"},{"taxonomy":"post_tag","embeddable":true,"href":"https:\/\/radiowebmx.com\/nota\/wp-json\/wp\/v2\/tags?post=4839"}],"curies":[{"name":"wp","href":"https:\/\/api.w.org\/{rel}","templated":true}]}}