{"id":4832,"date":"2013-12-11T11:17:12","date_gmt":"2013-12-11T17:17:12","guid":{"rendered":"https:\/\/radiowebmx.com\/nota\/?p=4832"},"modified":"2013-12-11T11:17:12","modified_gmt":"2013-12-11T17:17:12","slug":"necesario-que-programas-sociales-en-michoacan-lleguen-a-los-mas-desprotegidos-jorge-moreno","status":"publish","type":"post","link":"https:\/\/radiowebmx.com\/nota\/necesario-que-programas-sociales-en-michoacan-lleguen-a-los-mas-desprotegidos-jorge-moreno\/","title":{"rendered":"Necesario que programas sociales en Michoac\u00e1n lleguen a los m\u00e1s desprotegidos: Jorge Moreno"},"content":{"rendered":"<p><a href=\"https:\/\/radiowebmx.com\/nota\/wp-content\/uploads\/2013\/04\/Diputado-Jorge-Moreno.jpg\"><img loading=\"lazy\" decoding=\"async\" class=\"alignleft size-full wp-image-2364\" alt=\"Diputado Jorge Moreno\" src=\"https:\/\/radiowebmx.com\/nota\/wp-content\/uploads\/2013\/04\/Diputado-Jorge-Moreno.jpg\" width=\"591\" height=\"370\" \/><\/a>Es necesario se eval\u00fae la distribuci\u00f3n, as\u00ed como el destino de los programas sociales\u00a0en Michoac\u00e1n, con el objetivo de que se beneficie a los ciudadanos m\u00e1s desprotegidos y con ello permita combatir los altos \u00edndices de pobreza extrema que actualmente se presentan en la entidad\u201d, as\u00ed lo se\u00f1al\u00f3 el diputado Jorge Moreno Mart\u00ednez.<\/p>\n<p><span style=\"font-family: Tahoma, sans-serif; font-size: medium;\">El tambi\u00e9n integrante de la Comisi\u00f3n de Desarrollo Social en el Congreso del Estado, se\u00f1al\u00f3 que el Ejecutivo Federal en la entidad debe\u00a0revisar\u00a0los mecanismos\u00a0planteados, as\u00ed como la regulaci\u00f3n de los programas sociales, apegados a la Ley de Desarrollo Social en Michoac\u00e1n, el cual tiene como prop\u00f3sito la inclusi\u00f3n social, as\u00ed como el regular, transparentar los mecanismos de redistribuci\u00f3n de los recursos, y la priorizaci\u00f3n y participaci\u00f3n de los m\u00e1s necesitados.<\/span><\/p>\n<p>Cabe se\u00f1alar que de acuerdo a cifras del\u00a0Consejo Nacional de Evaluaci\u00f3n de la Pol\u00edtica de Desarrollo Social (Coneval), el 12.7 por ciento\u00a0de los michoacanos viven en pobreza extrema, lo que equivale a 551 mil habitantes y el 42.1 por ciento viven en pobreza moderada, lo cual representa a 1 mill\u00f3n 832 mil michoacanos.<\/p>\n<p>\u201cActualmente\u00a0en Michoac\u00e1n existen millones de personas que viven en desigualdad de oportunidades, y de esta manera, los programas sociales deber\u00edan ser mecanismos de retribuci\u00f3n de recursos que tratan de compensar las desigualdades sociales en la entidad, indic\u00f3 Moreno Mart\u00ednez.<\/p>\n<p>El representante popular por el distrito de Ario de Rosales, subray\u00f3 que los programas sociales no deben de ser un condicionamiento de los partidos pol\u00edticos, por el contrario, deben de ser un beneficio para las necesidades de la ciudadan\u00eda, por lo que se debe revisar el padr\u00f3n de beneficiarios que permita que lleguen a los m\u00e1s vulnerables.<\/p>\n<p>Finalmente, el diputado panista se\u00f1al\u00f3 que el modificar las estrategias sociales; significar\u00edan una ruta transformaci\u00f3n a las entregas de apoyos por parte de los gobiernos, que podr\u00edan ir encaminadas a la integraci\u00f3n de proyectos que fomenten el desarrollo de la entidad y progreso de los michoacanos.<\/p>\n","protected":false},"excerpt":{"rendered":"<p>Es necesario se eval\u00fae la distribuci\u00f3n, as\u00ed como el destino de los programas sociales en Michoac\u00e1n, con el objetivo de que se beneficie a los ciudadanos m\u00e1s desprotegidos y con ello permita combatir los altos \u00edndices de pobreza extrema que actualmente se presentan en la entidad\u201d<\/p>\n","protected":false},"author":1,"featured_media":0,"comment_status":"open","ping_status":"open","sticky":false,"template":"","format":"standard","meta":{"footnotes":""},"categories":[6,8],"tags":[],"class_list":["post-4832","post","type-post","status-publish","format-standard","hentry","category-congreso-del-estado","category-grupo-parlamentario-del-pan"],"_links":{"self":[{"href":"https:\/\/radiowebmx.com\/nota\/wp-json\/wp\/v2\/posts\/4832","targetHints":{"allow":["GET"]}}],"collection":[{"href":"https:\/\/radiowebmx.com\/nota\/wp-json\/wp\/v2\/posts"}],"about":[{"href":"https:\/\/radiowebmx.com\/nota\/wp-json\/wp\/v2\/types\/post"}],"author":[{"embeddable":true,"href":"https:\/\/radiowebmx.com\/nota\/wp-json\/wp\/v2\/users\/1"}],"replies":[{"embeddable":true,"href":"https:\/\/radiowebmx.com\/nota\/wp-json\/wp\/v2\/comments?post=4832"}],"version-history":[{"count":2,"href":"https:\/\/radiowebmx.com\/nota\/wp-json\/wp\/v2\/posts\/4832\/revisions"}],"predecessor-version":[{"id":4834,"href":"https:\/\/radiowebmx.com\/nota\/wp-json\/wp\/v2\/posts\/4832\/revisions\/4834"}],"wp:attachment":[{"href":"https:\/\/radiowebmx.com\/nota\/wp-json\/wp\/v2\/media?parent=4832"}],"wp:term":[{"taxonomy":"category","embeddable":true,"href":"https:\/\/radiowebmx.com\/nota\/wp-json\/wp\/v2\/categories?post=4832"},{"taxonomy":"post_tag","embeddable":true,"href":"https:\/\/radiowebmx.com\/nota\/wp-json\/wp\/v2\/tags?post=4832"}],"curies":[{"name":"wp","href":"https:\/\/api.w.org\/{rel}","templated":true}]}}