{"id":4829,"date":"2013-12-11T11:13:00","date_gmt":"2013-12-11T17:13:00","guid":{"rendered":"https:\/\/radiowebmx.com\/nota\/?p=4829"},"modified":"2013-12-11T11:13:00","modified_gmt":"2013-12-11T17:13:00","slug":"propone-ejecutivo-un-fideicomiso-estatal-para-desastres-naturales","status":"publish","type":"post","link":"https:\/\/radiowebmx.com\/nota\/propone-ejecutivo-un-fideicomiso-estatal-para-desastres-naturales\/","title":{"rendered":"PROPONE EJECUTIVO UN FIDEICOMISO ESTATAL PARA DESASTRES NATURALES"},"content":{"rendered":"<p><a href=\"https:\/\/radiowebmx.com\/nota\/wp-content\/uploads\/2013\/12\/fonden02.jpg\"><img loading=\"lazy\" decoding=\"async\" class=\"alignleft size-full wp-image-4830\" alt=\"fonden02\" src=\"https:\/\/radiowebmx.com\/nota\/wp-content\/uploads\/2013\/12\/fonden02.jpg\" width=\"591\" height=\"278\" \/><\/a>El secretario de Gobierno, Jes\u00fas Reyna Garc\u00eda, presidi\u00f3 los trabajos de la Vig\u00e9sima Cuarta Sesi\u00f3n Extraordinaria del Fideicomiso Mixto del Fondo de Desastres Naturales de Michoac\u00e1n, en la cual, por acuerdo generalizado, se determin\u00f3 la extinci\u00f3n del Fideicomiso 1994, que data de 1999, para dar paso a la creaci\u00f3n de un Fondo Estatal para Emergencias y Desastres Naturales.<\/p>\n<p>&nbsp;<\/p>\n<p>Lo anterior en virtud de que las acciones a realizar por parte de las dependencias estatales y federales en los municipios del oriente michoacano, declarados Zonas de Emergencia y Desastre en febrero de 2010, han sido cabalmente ejecutadas y entregadas en los rubros: carretero, urbano, hidr\u00e1ulico, educativo, deportivo, vivienda y forestal.<\/p>\n<p>&nbsp;<\/p>\n<p>Durante la reuni\u00f3n de trabajo se puntualiz\u00f3 que desde esa fecha, han sido atendidos todos los desastres naturales mediante este fideicomiso, sin embargo, los recientes cambios en la reglas de operaci\u00f3n del Fonden, las afectaciones provocadas por las tormentas tropicales, Ingrid y Manuel ya fueron canalizadas mediante otros procedimientos, motivo por el cual, queda inoperante el fideicomiso 1994.<\/p>\n<p>&nbsp;<\/p>\n<p>Durante el informe del fiduciario se dio a conocer el avance f\u00edsico y financiero del fideicomiso al 31 de octubre de 2013, asimismo, se recibieron por parte de los representantes de las diversas dependencias de la administraci\u00f3n p\u00fablica estatal los reportes sobre las obras realizadas y el estatus de las mismas.<\/p>\n<p>&nbsp;<\/p>\n<p>En este punto del orden del d\u00eda, se pudo conocer que la totalidad de las entidades gubernamentales han concluido sus obras y entregado y validado los libros blancos que requiere la Secretar\u00eda de Gobernaci\u00f3n con los respectivos informes ejecutivos de las acciones realizadas, seg\u00fan el Cap\u00edtulo VII de los Lineamientos del Fondo para la Atenci\u00f3n de Emergencias, Fonden.<\/p>\n<p>&nbsp;<\/p>\n<p>Luego del informe financiero, en el cual se pudo observar un balance en n\u00fameros negros por el orden de los 20 millones 243 mil 613 pesos, el comit\u00e9 t\u00e9cnico resolvi\u00f3 la extinci\u00f3n del Fideicomiso 1994, as\u00ed como la propuesta de utilizar los remanentes en la conformaci\u00f3n de un Fondo Estatal para Emergencias y Desastres Naturales.<\/p>\n<p>&nbsp;<\/p>\n<p>Ante ello, el secretario de Gobierno dijo que estos recursos, bien podr\u00edan destinarse para impulsar un fondo estatal que permita hacer frente a las eventualidades que se puedan presentar.<\/p>\n<p>&nbsp;<\/p>\n<p>\u201cNo queremos estos recursos para incorporarlos al gasto ordinario del gobierno, sino destinarlos a un fondo del gobierno estatal\u201d, complement\u00f3.<\/p>\n<p>&nbsp;<\/p>\n<p>En este sentido, Jes\u00fas Gastelum Maldonado, subdelegado en Michoac\u00e1n del Banco Nacional de Obras y Servicios P\u00fablicos (Banobras), dijo que es decisi\u00f3n de la autoridad local el destino que habr\u00e1 de tener los remanentes estatales que asciende a los 13 millones 265 mil 624 pesos, sin embargo, para los recursos de procedencia federal se tendr\u00e1 que esperar el dictamen que haga la Secretar\u00eda de Gobernaci\u00f3n sobre la aplicaci\u00f3n de los mismos.<\/p>\n<p>&nbsp;<\/p>\n<p>Cabe se\u00f1alar que para concretar la extinci\u00f3n del Fideicomiso 1994 habr\u00e1 de llevarse un periodo de tiempo aproximado de tres meses a partir de la decisi\u00f3n tomada por el Comit\u00e9 T\u00e9cnico, toda vez que se requiere resolver tr\u00e1mites legales y administrativos ante las instancias correspondientes.<\/p>\n<p>&nbsp;<\/p>\n<p>A este reuni\u00f3n asistieron entre otros, la secretaria de Finanzas y Administraci\u00f3n, Marcela Figueroa Aguilar; el titular de la Coordinaci\u00f3n de Planeaci\u00f3n para el Desarrollo (Cplade), Francisco Octavio Aparicio Mendoza y los delegados de la Secretar\u00eda de Desarrollo Social (Sedesol) y de la Comisi\u00f3n Nacional del Agua (Conagua) V\u00edctor Silva Tejeda y Oswaldo Rodr\u00edguez Guti\u00e9rrez, respectivamente.<\/p>\n","protected":false},"excerpt":{"rendered":"<p>El secretario de Gobierno, Jes\u00fas Reyna Garc\u00eda, presidi\u00f3 los trabajos de la Vig\u00e9sima Cuarta Sesi\u00f3n Extraordinaria del Fideicomiso Mixto del Fondo de Desastres Naturales de Michoac\u00e1n, en la cual, por acuerdo generalizado,<\/p>\n","protected":false},"author":1,"featured_media":0,"comment_status":"open","ping_status":"open","sticky":false,"template":"","format":"standard","meta":{"footnotes":""},"categories":[14,3],"tags":[],"class_list":["post-4829","post","type-post","status-publish","format-standard","hentry","category-destacadas","category-gobierno-del-estado-de-michoacan"],"_links":{"self":[{"href":"https:\/\/radiowebmx.com\/nota\/wp-json\/wp\/v2\/posts\/4829","targetHints":{"allow":["GET"]}}],"collection":[{"href":"https:\/\/radiowebmx.com\/nota\/wp-json\/wp\/v2\/posts"}],"about":[{"href":"https:\/\/radiowebmx.com\/nota\/wp-json\/wp\/v2\/types\/post"}],"author":[{"embeddable":true,"href":"https:\/\/radiowebmx.com\/nota\/wp-json\/wp\/v2\/users\/1"}],"replies":[{"embeddable":true,"href":"https:\/\/radiowebmx.com\/nota\/wp-json\/wp\/v2\/comments?post=4829"}],"version-history":[{"count":1,"href":"https:\/\/radiowebmx.com\/nota\/wp-json\/wp\/v2\/posts\/4829\/revisions"}],"predecessor-version":[{"id":4831,"href":"https:\/\/radiowebmx.com\/nota\/wp-json\/wp\/v2\/posts\/4829\/revisions\/4831"}],"wp:attachment":[{"href":"https:\/\/radiowebmx.com\/nota\/wp-json\/wp\/v2\/media?parent=4829"}],"wp:term":[{"taxonomy":"category","embeddable":true,"href":"https:\/\/radiowebmx.com\/nota\/wp-json\/wp\/v2\/categories?post=4829"},{"taxonomy":"post_tag","embeddable":true,"href":"https:\/\/radiowebmx.com\/nota\/wp-json\/wp\/v2\/tags?post=4829"}],"curies":[{"name":"wp","href":"https:\/\/api.w.org\/{rel}","templated":true}]}}