{"id":4814,"date":"2013-12-10T12:11:25","date_gmt":"2013-12-10T18:11:25","guid":{"rendered":"https:\/\/radiowebmx.com\/nota\/?p=4814"},"modified":"2013-12-10T12:11:25","modified_gmt":"2013-12-10T18:11:25","slug":"inician-mejoras-de-la-imagen-urbana-de-tuxpan","status":"publish","type":"post","link":"https:\/\/radiowebmx.com\/nota\/inician-mejoras-de-la-imagen-urbana-de-tuxpan\/","title":{"rendered":"INICIAN MEJORAS DE LA IMAGEN URBANA DE TUXPAN"},"content":{"rendered":"<p><a href=\"https:\/\/radiowebmx.com\/nota\/wp-content\/uploads\/2013\/12\/IMG-20131209-WA0006.jpg\"><img loading=\"lazy\" decoding=\"async\" class=\"alignleft size-full wp-image-4815\" alt=\"IMG-20131209-WA0006\" src=\"https:\/\/radiowebmx.com\/nota\/wp-content\/uploads\/2013\/12\/IMG-20131209-WA0006.jpg\" width=\"591\" height=\"305\" \/><\/a>Con una inversi\u00f3n de 4 millones de pesos, arranc\u00f3 este lunes el mejoramiento de imagen urbana en el Centro Hist\u00f3rico de Tuxpan.<\/p>\n<p>&nbsp;<\/p>\n<p>En gira de trabajo por el municipio de Tuxpan, el ecretario de Turismo del Estado, Roberto Monroy Garc\u00eda, encabez\u00f3 el inicio de la obra de infraestructura tur\u00edstica enmarcada en el Convenio de Coordinaci\u00f3n 2013, entre el Gobierno Federal por conducto de la Secretar\u00eda de Turismo y la entidad.<\/p>\n<p>&nbsp;<\/p>\n<p>Monroy Garc\u00eda destac\u00f3 que del total de la inversi\u00f3n, dos millones corresponden a recursos federales, y dos millones de pesos municipales, derivados de una\u00a0estrecha colaboraci\u00f3n entre los tres \u00f3rdenes de gobierno.<\/p>\n<p>&nbsp;<\/p>\n<p>Puntualiz\u00f3 que en esta primera etapa se intervendr\u00e1 la plaza principal con trabajos en materia de: pisos, fuente, reloj de flores, jardiner\u00eda e iluminaci\u00f3n, entre otros.<\/p>\n<p>&nbsp;<\/p>\n<p>Por su parte, el alcalde Carlos Alberto Paredes, destac\u00f3 que la obra deriva de las gestiones del secretario de Turismo Monroy Garc\u00eda, y que con esta inversi\u00f3n se da inicio al proyecto de mejoramiento de la imagen Correa Urbana Integral del Centro Hist\u00f3rico de Tuxpan, se sientan las bases para que en etapas futuras la intervenci\u00f3n de centro hist\u00f3rico, calles y banquetas, alumbrado p\u00fablico etc., se realicen de acuerdo al proyecto ejecutivo que la Secretar\u00eda de Turismo del Estado elabor\u00f3 en apoyo del municipio sumando otros 5 mdp m\u00e1s para hacer un total de 9mdp en las dos etapas.<\/p>\n<p>&nbsp;<\/p>\n<p>Finalmente, Monroy Garc\u00eda enfatiz\u00f3 el inter\u00e9s de no dejar obras a medias y trabajar en proyectos de alto impacto a las comunidades con objeto de fortalecer la actividad tur\u00edstica de la regi\u00f3n, toda vez que Tuxpan es hoy paso obligado de turistas y visitantes y una de las puertas para adentrarse a la regi\u00f3n de la mariposa Monarca.<\/p>\n<p><b>\u00a0<\/b><\/p>\n<p>&nbsp;<\/p>\n<p>&nbsp;<\/p>\n","protected":false},"excerpt":{"rendered":"<p>Con una inversi\u00f3n de 4 millones de pesos, arranc\u00f3 este lunes el mejoramiento de imagen urbana en el Centro Hist\u00f3rico de Tuxpan.<\/p>\n","protected":false},"author":1,"featured_media":0,"comment_status":"open","ping_status":"open","sticky":false,"template":"","format":"standard","meta":{"footnotes":""},"categories":[14,3],"tags":[],"class_list":["post-4814","post","type-post","status-publish","format-standard","hentry","category-destacadas","category-gobierno-del-estado-de-michoacan"],"_links":{"self":[{"href":"https:\/\/radiowebmx.com\/nota\/wp-json\/wp\/v2\/posts\/4814","targetHints":{"allow":["GET"]}}],"collection":[{"href":"https:\/\/radiowebmx.com\/nota\/wp-json\/wp\/v2\/posts"}],"about":[{"href":"https:\/\/radiowebmx.com\/nota\/wp-json\/wp\/v2\/types\/post"}],"author":[{"embeddable":true,"href":"https:\/\/radiowebmx.com\/nota\/wp-json\/wp\/v2\/users\/1"}],"replies":[{"embeddable":true,"href":"https:\/\/radiowebmx.com\/nota\/wp-json\/wp\/v2\/comments?post=4814"}],"version-history":[{"count":2,"href":"https:\/\/radiowebmx.com\/nota\/wp-json\/wp\/v2\/posts\/4814\/revisions"}],"predecessor-version":[{"id":4817,"href":"https:\/\/radiowebmx.com\/nota\/wp-json\/wp\/v2\/posts\/4814\/revisions\/4817"}],"wp:attachment":[{"href":"https:\/\/radiowebmx.com\/nota\/wp-json\/wp\/v2\/media?parent=4814"}],"wp:term":[{"taxonomy":"category","embeddable":true,"href":"https:\/\/radiowebmx.com\/nota\/wp-json\/wp\/v2\/categories?post=4814"},{"taxonomy":"post_tag","embeddable":true,"href":"https:\/\/radiowebmx.com\/nota\/wp-json\/wp\/v2\/tags?post=4814"}],"curies":[{"name":"wp","href":"https:\/\/api.w.org\/{rel}","templated":true}]}}