{"id":4810,"date":"2013-12-10T12:04:37","date_gmt":"2013-12-10T18:04:37","guid":{"rendered":"https:\/\/radiowebmx.com\/nota\/?p=4810"},"modified":"2013-12-10T12:04:37","modified_gmt":"2013-12-10T18:04:37","slug":"definidos-campeones-de-oratoria","status":"publish","type":"post","link":"https:\/\/radiowebmx.com\/nota\/definidos-campeones-de-oratoria\/","title":{"rendered":"DEFINIDOS CAMPEONES DE ORATORIA"},"content":{"rendered":"<p><a href=\"https:\/\/radiowebmx.com\/nota\/wp-content\/uploads\/2013\/12\/Ganadores-2.jpg\"><img loading=\"lazy\" decoding=\"async\" class=\"alignleft size-full wp-image-4811\" alt=\"Ganadores 2\" src=\"https:\/\/radiowebmx.com\/nota\/wp-content\/uploads\/2013\/12\/Ganadores-2.jpg\" width=\"591\" height=\"299\" \/><\/a>Quedaron definidos los campeones del VI Concurso Estatal de Oratoria, organizado por la Secretar\u00eda de los J\u00f3venes del Gobierno del Estado, a trav\u00e9s de la Coordinaci\u00f3n de Organizaci\u00f3n y Participaci\u00f3n Social, celebrado durante el pasado fin de semana.<\/p>\n<p>&nbsp;<\/p>\n<p>El certamen que se realiz\u00f3 en la Biblioteca P\u00fablica Nicolaita, cont\u00f3 con la participaci\u00f3n de 33 j\u00f3venes divididos en dos categor\u00edas, y tras 6 horas de competencia arroj\u00f3 como ganadores del primer lugar a Jos\u00e9 Ram\u00f3n Maya Ibarra, en la categor\u00eda A; y Tayde Gonz\u00e1lez Arias, en la Categor\u00eda B.<\/p>\n<p>&nbsp;<\/p>\n<p>Es importante destacar que fueron m\u00e1s de 300 participantes a lo largo de las 9 sedes regionales, de las que se seleccion\u00f3 a los dos mejores de cada rama, para pasar a la final estatal celebrada en la capital michoacana.<\/p>\n<p>&nbsp;<\/p>\n<p>Los concursantes, vivieron jornadas de gran camarader\u00eda el d\u00eda previo al evento, pues la SEJOVEN les proveo de vi\u00e1ticos pagados, incluyendo hospedaje y actividades de entretenimiento, pues la noche del viernes realizaron un recorrido nocturno por el Parque Zool\u00f3gico Benito Ju\u00e1rez, donde aprovecharon para fotografiarse con cachorros de diversas especies.<\/p>\n<p>&nbsp;<\/p>\n<p>Los ganadores de la Etapa estatal se hicieron acreedores a un viaje todo pagado a Puerto Vallarta y una Tablet; el segundo lugar, una laptop; y el tercer lugar una Tablet; adem\u00e1s todos los participantes recibieron un reconocimiento firmado por el gobernador Fausto Vallejo, por su destacada participaci\u00f3n.<\/p>\n<p>&nbsp;<\/p>\n<p>De igual manera los ganadores representar\u00e1n a Michoac\u00e1n en diversos cert\u00e1menes nacionales, como el organizado por el Peri\u00f3dico El Universal, que se celebra desde hace 1926, y que se realizar\u00e1 en la ciudad de M\u00e9xico en 2014.<\/p>\n<p>&nbsp;<\/p>\n<p><b>Ganadores de la categor\u00eda A:<\/b><\/p>\n<p>1) Jos\u00e9 Ram\u00f3n Maya Ibarra (La Piedad)<\/p>\n<p>2) Jos\u00e9 Alejandro Ch\u00e1vez Bello (Morelia)<\/p>\n<p>3) Diana Berenice Jim\u00e9nez Alan\u00eds (Morelia)<\/p>\n<p>&nbsp;<\/p>\n<p><b>Ganadores de la categor\u00eda B:<\/b><\/p>\n<p>1) Tayde Gonz\u00e1lez Arias (Zit\u00e1cuaro)<\/p>\n<p>2) C\u00e9sar Ochoa Ram\u00edrez (Apatzing\u00e1n)<\/p>\n<p>3) Javier Ulises Maya P\u00e9rez (La Piedad)<\/p>\n","protected":false},"excerpt":{"rendered":"<p>Quedaron definidos los campeones del VI Concurso Estatal de Oratoria, organizado por la Secretar\u00eda de los J\u00f3venes del Gobierno del Estado, a trav\u00e9s de la Coordinaci\u00f3n de Organizaci\u00f3n y Participaci\u00f3n Social, celebrado durante el pasado fin de semana.<\/p>\n","protected":false},"author":1,"featured_media":0,"comment_status":"open","ping_status":"open","sticky":false,"template":"","format":"standard","meta":{"footnotes":""},"categories":[14,3],"tags":[],"class_list":["post-4810","post","type-post","status-publish","format-standard","hentry","category-destacadas","category-gobierno-del-estado-de-michoacan"],"_links":{"self":[{"href":"https:\/\/radiowebmx.com\/nota\/wp-json\/wp\/v2\/posts\/4810","targetHints":{"allow":["GET"]}}],"collection":[{"href":"https:\/\/radiowebmx.com\/nota\/wp-json\/wp\/v2\/posts"}],"about":[{"href":"https:\/\/radiowebmx.com\/nota\/wp-json\/wp\/v2\/types\/post"}],"author":[{"embeddable":true,"href":"https:\/\/radiowebmx.com\/nota\/wp-json\/wp\/v2\/users\/1"}],"replies":[{"embeddable":true,"href":"https:\/\/radiowebmx.com\/nota\/wp-json\/wp\/v2\/comments?post=4810"}],"version-history":[{"count":2,"href":"https:\/\/radiowebmx.com\/nota\/wp-json\/wp\/v2\/posts\/4810\/revisions"}],"predecessor-version":[{"id":4813,"href":"https:\/\/radiowebmx.com\/nota\/wp-json\/wp\/v2\/posts\/4810\/revisions\/4813"}],"wp:attachment":[{"href":"https:\/\/radiowebmx.com\/nota\/wp-json\/wp\/v2\/media?parent=4810"}],"wp:term":[{"taxonomy":"category","embeddable":true,"href":"https:\/\/radiowebmx.com\/nota\/wp-json\/wp\/v2\/categories?post=4810"},{"taxonomy":"post_tag","embeddable":true,"href":"https:\/\/radiowebmx.com\/nota\/wp-json\/wp\/v2\/tags?post=4810"}],"curies":[{"name":"wp","href":"https:\/\/api.w.org\/{rel}","templated":true}]}}