{"id":4807,"date":"2013-12-10T12:01:08","date_gmt":"2013-12-10T18:01:08","guid":{"rendered":"https:\/\/radiowebmx.com\/nota\/?p=4807"},"modified":"2013-12-10T12:01:08","modified_gmt":"2013-12-10T18:01:08","slug":"exhorta-titular-de-suma-a-municipes-a-aprovechar-gestiones-para-obtener-mas-recursos-federales","status":"publish","type":"post","link":"https:\/\/radiowebmx.com\/nota\/exhorta-titular-de-suma-a-municipes-a-aprovechar-gestiones-para-obtener-mas-recursos-federales\/","title":{"rendered":"EXHORTA TITULAR DE SUMA A MUN\u00cdCIPES A APROVECHAR GESTIONES PARA OBTENER M\u00c1S RECURSOS FEDERALES"},"content":{"rendered":"<p><a href=\"https:\/\/radiowebmx.com\/nota\/wp-content\/uploads\/2013\/12\/FotosInforme-SUSUPUAT-001.jpg\"><img loading=\"lazy\" decoding=\"async\" class=\"alignleft size-full wp-image-4808\" alt=\"FotosInforme SUSUPUAT 001\" src=\"https:\/\/radiowebmx.com\/nota\/wp-content\/uploads\/2013\/12\/FotosInforme-SUSUPUAT-001.jpg\" width=\"591\" height=\"314\" \/><\/a>Tras destacar la riqueza natural que poseen todas las regiones del estado, el secretario de Urbanismo y Medio Ambiente, Mauro Ram\u00f3n Ballesteros Figueroa, conmin\u00f3 a los gobiernos municipales a gestionar ante las diferentes instancias mayor presupuesto para sus municipios y aprovechar de manera sustentable los recursos naturales de que disponen en sus localidades.<\/p>\n<p>Al encabezar el acto del informe de gobierno del presidente municipal de este lugar, Ignacio Estrada Col\u00edn, el representante del gobernador del estado, Fausto Vallejo Figueroa, resalt\u00f3 el panorama que en materia de producci\u00f3n agropecuaria observan muchas regiones del estado.<\/p>\n<p>Precis\u00f3 que con la capitalizaci\u00f3n resultado de una buena gesti\u00f3n, los municipios pueden propiciar un mayor n\u00famero de obras y servicios, generar fuentes de empleo y promover el desarrollo de los mismos.<\/p>\n<p>Coment\u00f3 que existe la posibilidad de que la federaci\u00f3n apruebe recursos importantes para m\u00e1s obras y acciones en los municipios michoacanos.<\/p>\n<p>Los exhort\u00f3 tambi\u00e9n a que promuevan un desarrollo urbano m\u00e1s acorde a las necesidades de sus habitantes, basado en los programas de que disponen, ya que los Planes de Desarrollo Urbano, son el documento ideal para propiciar el crecimiento adecuado de los centros de poblaci\u00f3n.<\/p>\n<p>Por su parte, el edil Ignacio Estrada, destac\u00f3 el apoyo que su municipio ha recibido de la administraci\u00f3n del gobernador Fausto Vallejo, a la vez que se celebr\u00f3 el anuncio del titular de la SUMA, en el sentido de que en pr\u00f3ximas fechas aterrizar\u00e1n m\u00e1s recursos federales para este y los dem\u00e1s municipios michoacanos.<\/p>\n<p>Agradeci\u00f3 tambi\u00e9n el apoyo ofrecido por Ballesteros Figueroa en lo referente a asesor\u00eda y gestiones tendientes a lograr recursos que se traduzcan en m\u00e1s servicios por el bienestar de la poblaci\u00f3n.<\/p>\n<p>Al final de dicha ceremonia a la que acudieron alcaldes de varios municipios vecinos, as\u00ed como el diputado local, Eduardo Orihuela Estefan; algunos de los presentes externaron su reconocimiento a la Secretar\u00eda de Urbanismo y Medio Ambiente estatal, por las gestiones y acompa\u00f1amiento que ofrece a los gobiernos municipales.<\/p>\n","protected":false},"excerpt":{"rendered":"<p>Tras destacar la riqueza natural que poseen todas las regiones del estado, el secretario de Urbanismo y Medio Ambiente, Mauro Ram\u00f3n Ballesteros Figueroa<\/p>\n","protected":false},"author":1,"featured_media":0,"comment_status":"open","ping_status":"open","sticky":false,"template":"","format":"standard","meta":{"footnotes":""},"categories":[14,3],"tags":[],"class_list":["post-4807","post","type-post","status-publish","format-standard","hentry","category-destacadas","category-gobierno-del-estado-de-michoacan"],"_links":{"self":[{"href":"https:\/\/radiowebmx.com\/nota\/wp-json\/wp\/v2\/posts\/4807","targetHints":{"allow":["GET"]}}],"collection":[{"href":"https:\/\/radiowebmx.com\/nota\/wp-json\/wp\/v2\/posts"}],"about":[{"href":"https:\/\/radiowebmx.com\/nota\/wp-json\/wp\/v2\/types\/post"}],"author":[{"embeddable":true,"href":"https:\/\/radiowebmx.com\/nota\/wp-json\/wp\/v2\/users\/1"}],"replies":[{"embeddable":true,"href":"https:\/\/radiowebmx.com\/nota\/wp-json\/wp\/v2\/comments?post=4807"}],"version-history":[{"count":1,"href":"https:\/\/radiowebmx.com\/nota\/wp-json\/wp\/v2\/posts\/4807\/revisions"}],"predecessor-version":[{"id":4809,"href":"https:\/\/radiowebmx.com\/nota\/wp-json\/wp\/v2\/posts\/4807\/revisions\/4809"}],"wp:attachment":[{"href":"https:\/\/radiowebmx.com\/nota\/wp-json\/wp\/v2\/media?parent=4807"}],"wp:term":[{"taxonomy":"category","embeddable":true,"href":"https:\/\/radiowebmx.com\/nota\/wp-json\/wp\/v2\/categories?post=4807"},{"taxonomy":"post_tag","embeddable":true,"href":"https:\/\/radiowebmx.com\/nota\/wp-json\/wp\/v2\/tags?post=4807"}],"curies":[{"name":"wp","href":"https:\/\/api.w.org\/{rel}","templated":true}]}}