{"id":4803,"date":"2013-12-09T11:52:27","date_gmt":"2013-12-09T17:52:27","guid":{"rendered":"https:\/\/radiowebmx.com\/nota\/?p=4803"},"modified":"2014-01-08T12:30:21","modified_gmt":"2014-01-08T18:30:21","slug":"gobierno-del-estado-decidido-a-impulsar-el-campo-desde-todas-sus-dependencias-luis-m-navarro","status":"publish","type":"post","link":"https:\/\/radiowebmx.com\/nota\/gobierno-del-estado-decidido-a-impulsar-el-campo-desde-todas-sus-dependencias-luis-m-navarro\/","title":{"rendered":"GOBIERNO DEL ESTADO, DECIDIDO A IMPULSAR EL CAMPO DESDE TODAS SUS DEPENDENCIAS: LUIS M. NAVARRO"},"content":{"rendered":"<p><a href=\"https:\/\/radiowebmx.com\/nota\/wp-content\/uploads\/2013\/12\/SCOP-1.jpg\"><img loading=\"lazy\" decoding=\"async\" class=\"alignleft size-full wp-image-4804\" alt=\"SCOP (1)\" src=\"https:\/\/radiowebmx.com\/nota\/wp-content\/uploads\/2013\/12\/SCOP-1.jpg\" width=\"591\" height=\"330\" \/><\/a>El secretario de Comunicaciones y Obras P\u00fablicas, Luis Manuel Navarro S\u00e1nchez, con la representaci\u00f3n del gobernador, Fausto Vallejo Figueroa, acudi\u00f3 al Segundo Informe de Gobierno de Jes\u00fas Rosales Garc\u00eda, presidente municipal de Madero, donde apunt\u00f3 que ha sido prioridad del actual gobierno estatal dar apoyo a los productores del campo, desde la totalidad de las dependencias del Poder Ejecutivo.<\/p>\n<p>Asimismo, reconoci\u00f3 el esfuerzo del alcalde pues este municipio culmin\u00f3 el ejercicio 2013 sin adeudos, gracias a su disciplina presupuestaria y al apoyo del Gobierno del Estado y de su Cabildo, que han unido acciones en pro del desarrollo de Madero y del bienestar de sus habitantes.<\/p>\n<p>Navarro S\u00e1nchez tambi\u00e9n reconoci\u00f3 la labor realizada por Rosales Garc\u00eda y su Cabildo en la b\u00fasqueda de gestiones a favor de sus ciudadanos en los diferentes rubros, y resalt\u00f3 el trabajo del gobierno estatal con los ayuntamientos al dar capacitaci\u00f3n en materias de Infraestructura Educativa, Armonizaci\u00f3n Contable y Laboral.<\/p>\n<p>El titular de la SCOP destac\u00f3 que existen diversas obras en proceso las cuales tienen el objetivo de culminarse para el 2014, y formar\u00e1n parte del festejo del Centenario de la fundaci\u00f3n de Villa Madero.<\/p>\n<p>Por su parte, Rosales Garc\u00eda enfatiz\u00f3 que ha cumplido el 60 por ciento de sus compromisos de campa\u00f1a, lo cual ha sido posible por la alineaci\u00f3n de los tres niveles de Gobierno.<\/p>\n<p>&nbsp;<\/p>\n<p>&nbsp;<\/p>\n<p>&nbsp;<\/p>\n<p>&nbsp;<\/p>\n","protected":false},"excerpt":{"rendered":"<p>El secretario de Comunicaciones y Obras P\u00fablicas, Luis Manuel Navarro S\u00e1nchez, con la representaci\u00f3n del gobernador, Fausto Vallejo Figueroa, acudi\u00f3 al Segundo Informe de Gobierno de Jes\u00fas Rosales Garc\u00eda, presidente municipal de Madero, donde apunt\u00f3 que ha sido prioridad del actual gobierno estatal dar apoyo a los productores del campo<\/p>\n","protected":false},"author":1,"featured_media":0,"comment_status":"open","ping_status":"open","sticky":false,"template":"","format":"standard","meta":{"footnotes":""},"categories":[14,3],"tags":[],"class_list":["post-4803","post","type-post","status-publish","format-standard","hentry","category-destacadas","category-gobierno-del-estado-de-michoacan"],"_links":{"self":[{"href":"https:\/\/radiowebmx.com\/nota\/wp-json\/wp\/v2\/posts\/4803","targetHints":{"allow":["GET"]}}],"collection":[{"href":"https:\/\/radiowebmx.com\/nota\/wp-json\/wp\/v2\/posts"}],"about":[{"href":"https:\/\/radiowebmx.com\/nota\/wp-json\/wp\/v2\/types\/post"}],"author":[{"embeddable":true,"href":"https:\/\/radiowebmx.com\/nota\/wp-json\/wp\/v2\/users\/1"}],"replies":[{"embeddable":true,"href":"https:\/\/radiowebmx.com\/nota\/wp-json\/wp\/v2\/comments?post=4803"}],"version-history":[{"count":4,"href":"https:\/\/radiowebmx.com\/nota\/wp-json\/wp\/v2\/posts\/4803\/revisions"}],"predecessor-version":[{"id":4990,"href":"https:\/\/radiowebmx.com\/nota\/wp-json\/wp\/v2\/posts\/4803\/revisions\/4990"}],"wp:attachment":[{"href":"https:\/\/radiowebmx.com\/nota\/wp-json\/wp\/v2\/media?parent=4803"}],"wp:term":[{"taxonomy":"category","embeddable":true,"href":"https:\/\/radiowebmx.com\/nota\/wp-json\/wp\/v2\/categories?post=4803"},{"taxonomy":"post_tag","embeddable":true,"href":"https:\/\/radiowebmx.com\/nota\/wp-json\/wp\/v2\/tags?post=4803"}],"curies":[{"name":"wp","href":"https:\/\/api.w.org\/{rel}","templated":true}]}}