{"id":4785,"date":"2013-11-18T13:43:18","date_gmt":"2013-11-18T19:43:18","guid":{"rendered":"https:\/\/radiowebmx.com\/nota\/?p=4785"},"modified":"2013-12-04T13:45:45","modified_gmt":"2013-12-04T19:45:45","slug":"personal-del-gobierno-federal-visita-las-instalaciones-del-centro-de-justicia-para-las-mujeres-michoacanas","status":"publish","type":"post","link":"https:\/\/radiowebmx.com\/nota\/personal-del-gobierno-federal-visita-las-instalaciones-del-centro-de-justicia-para-las-mujeres-michoacanas\/","title":{"rendered":"PERSONAL DEL GOBIERNO FEDERAL VISITA LAS INSTALACIONES DEL CENTRO DE JUSTICIA PARA LAS MUJERES MICHOACANAS"},"content":{"rendered":"<p><a href=\"https:\/\/radiowebmx.com\/nota\/wp-content\/uploads\/2013\/12\/5.jpg\"><img loading=\"lazy\" decoding=\"async\" class=\"alignleft size-full wp-image-4786\" alt=\"5\" src=\"https:\/\/radiowebmx.com\/nota\/wp-content\/uploads\/2013\/12\/5.jpg\" width=\"591\" height=\"255\" \/><\/a>Personal del Centro Nacional de Prevenci\u00f3n del Delito y Participaci\u00f3n Ciudadana, dependiente del Secretariado Ejecutivo del Sistema Nacional de Seguridad P\u00fablica, visit\u00f3 Morelia para conocer los avances del Centro de Justicia para las Mujeres Michoacanas.<\/p>\n<p>Los funcionarios federales se congratularon al realizar el recorrido y constatar que el inmueble que tiene un avance del 95 por ciento. La secretaria de la Mujer, Consuelo Muro Urista, resalt\u00f3 el apoyo que se ha tenido del Gobierno de la Rep\u00fablica para concluir la obra como resultado de la gesti\u00f3n que el gobernador del estado, Fausto Vallejo Figueroa, realiz\u00f3 en beneficio de las mujeres de la entidad.<\/p>\n<p>\u201cLas michoacanas que padecen alg\u00fan tipo de violencia encontrar\u00e1n en estas puertas el apoyo que requieren para salir adelante, un equipo de profesionistas y especialistas en la materia estar\u00e1n ofreciendo sus servicios a las mujeres, as\u00ed como a sus hijas y\/o hijos, el Centro de Justicia representa un paso m\u00e1s para erradicar la violencia de g\u00e9nero en nuestro estado\u201d, indic\u00f3 Muro Urista.<\/p>\n<p>Por su parte, Mar\u00eda del Socorro Trujillo Tablero, jefa de Departamento del Centro Nacional de Prevenci\u00f3n del Delito y Participaci\u00f3n Ciudadana del Secretariado Ejecutivo del Sistema Nacional de Seguridad P\u00fablica, precis\u00f3 que en el Fondo de Aportaci\u00f3n para la Seguridad P\u00fablica, se otorgan recursos para 16 programas de prioridad nacional, uno de ellos, dijo, es el de acceso a la justicia, en el que est\u00e1n considerados los Centros de Justicia.<\/p>\n<p>\u201cEs un espacio importante porque bajo un mismo techo se pretende dar todas las atenciones que las mujeres v\u00edctimas de alg\u00fan tipo de violencia necesitan\u201d, destac\u00f3, al tiempo que detall\u00f3 que los estados de Chihuahua, Quer\u00e9taro, Campeche, Oaxaca, Chiapas y Estado de M\u00e9xico, ya tienen su respectivo Centro operando.<\/p>\n<p>En tanto, Jorge Ulises Bl\u00e1squez, funcionario del Centro Nacional de Prevenci\u00f3n del Delito y Participaci\u00f3n Ciudadana, destac\u00f3 los avances del Centro en la capital del estado, y se\u00f1al\u00f3 \u201cconsideramos que tienen todos los requisitos para una segunda etapa y ser\u00e1 cuesti\u00f3n del proceso que se lleve en el Secretariado Ejecutivo en la solicitud de recursos, pero el estado va muy bien para un inicio de la segunda etapa\u201d.<\/p>\n<p>&nbsp;<\/p>\n<p>Mar\u00eda del Socorro Trujillo Tablero, felicit\u00f3 a la entidad por los avances logrados en cuanto al Centro, puntualiz\u00f3 que este programa de prioridad nacional se basa y se fundamenta justamente en la coordinaci\u00f3n interinstitucional. \u201cQuiero agradecer a todo el personal de la Secretar\u00eda de la Mujer su paciencia y dedicaci\u00f3n para este alcance; la dependencia siempre persiguiendo la coordinaci\u00f3n interinstitucional\u201d, se\u00f1al\u00f3.<\/p>\n<p>&nbsp;<\/p>\n<p>Cabe se\u00f1alar que el Centro contar\u00e1 con seis \u00e1reas sustantivas como son: Primera atenci\u00f3n, atenci\u00f3n subsecuente, \u00e1rea de personal, refugio temporal, \u00e1rea de justicia, informaci\u00f3n y difusi\u00f3n.\u00a0 En dichos espacios se contar\u00e1 con un juzgado, sala de juicios orales, consultorio m\u00e9dico general y pericial, consultorio de odontolog\u00eda, \u00e1rea psicol\u00f3gica de atenci\u00f3n individual y grupal, \u00e1rea l\u00fadica, comedor, sal\u00f3n de usos m\u00faltiples, entre otros.<\/p>\n","protected":false},"excerpt":{"rendered":"<p>Personal del Centro Nacional de Prevenci\u00f3n del Delito y Participaci\u00f3n Ciudadana, dependiente del Secretariado Ejecutivo del Sistema Nacional de Seguridad P\u00fablica, visit\u00f3 Morelia para conocer los avances del Centro de Justicia para las Mujeres Michoacanas.<\/p>\n","protected":false},"author":1,"featured_media":0,"comment_status":"open","ping_status":"open","sticky":false,"template":"","format":"standard","meta":{"footnotes":""},"categories":[14,3],"tags":[],"class_list":["post-4785","post","type-post","status-publish","format-standard","hentry","category-destacadas","category-gobierno-del-estado-de-michoacan"],"_links":{"self":[{"href":"https:\/\/radiowebmx.com\/nota\/wp-json\/wp\/v2\/posts\/4785","targetHints":{"allow":["GET"]}}],"collection":[{"href":"https:\/\/radiowebmx.com\/nota\/wp-json\/wp\/v2\/posts"}],"about":[{"href":"https:\/\/radiowebmx.com\/nota\/wp-json\/wp\/v2\/types\/post"}],"author":[{"embeddable":true,"href":"https:\/\/radiowebmx.com\/nota\/wp-json\/wp\/v2\/users\/1"}],"replies":[{"embeddable":true,"href":"https:\/\/radiowebmx.com\/nota\/wp-json\/wp\/v2\/comments?post=4785"}],"version-history":[{"count":3,"href":"https:\/\/radiowebmx.com\/nota\/wp-json\/wp\/v2\/posts\/4785\/revisions"}],"predecessor-version":[{"id":4789,"href":"https:\/\/radiowebmx.com\/nota\/wp-json\/wp\/v2\/posts\/4785\/revisions\/4789"}],"wp:attachment":[{"href":"https:\/\/radiowebmx.com\/nota\/wp-json\/wp\/v2\/media?parent=4785"}],"wp:term":[{"taxonomy":"category","embeddable":true,"href":"https:\/\/radiowebmx.com\/nota\/wp-json\/wp\/v2\/categories?post=4785"},{"taxonomy":"post_tag","embeddable":true,"href":"https:\/\/radiowebmx.com\/nota\/wp-json\/wp\/v2\/tags?post=4785"}],"curies":[{"name":"wp","href":"https:\/\/api.w.org\/{rel}","templated":true}]}}