{"id":4770,"date":"2013-12-04T12:40:39","date_gmt":"2013-12-04T18:40:39","guid":{"rendered":"https:\/\/radiowebmx.com\/nota\/?p=4770"},"modified":"2014-01-08T12:03:13","modified_gmt":"2014-01-08T18:03:13","slug":"partidos-y-organizaciones-de-izquierda-se-comprometen-a-caminar-juntos-con-el-gobierno-del-estado","status":"publish","type":"post","link":"https:\/\/radiowebmx.com\/nota\/partidos-y-organizaciones-de-izquierda-se-comprometen-a-caminar-juntos-con-el-gobierno-del-estado\/","title":{"rendered":"PARTIDOS Y ORGANIZACIONES DE IZQUIERDA SE COMPROMETEN A CAMINAR JUNTOS CON EL GOBIERNO DEL ESTADO"},"content":{"rendered":"<p><a href=\"https:\/\/radiowebmx.com\/nota\/wp-content\/uploads\/2013\/12\/DSC_7477.jpg\"><img loading=\"lazy\" decoding=\"async\" class=\"alignleft size-full wp-image-4771\" alt=\"DSC_7477\" src=\"https:\/\/radiowebmx.com\/nota\/wp-content\/uploads\/2013\/12\/DSC_7477.jpg\" width=\"591\" height=\"259\" \/><\/a>Partidos pol\u00edticos y organizaciones de izquierda, se comprometieron a caminar juntos con el Gobierno del Estado, en la b\u00fasqueda de una mejor ruta hacia el bienestar y desarrollo de Michoac\u00e1n.<\/p>\n<p>El gobernador Fausto Vallejo Figueroa, se reuni\u00f3 con integrantes del PRD, PT y\u00a0 Movimiento Ciudadano, as\u00ed como con organizaciones de izquierda en la entidad, de quienes recibi\u00f3 su propuesta de agenda de trabajo conjunto por Michoac\u00e1n.<\/p>\n<p>Acompa\u00f1ado del secretario de Gobierno, Jes\u00fas Reyna Garc\u00eda, Vallejo Figueroa recibi\u00f3 en su despacho de Casa de Gobierno a representantes del Frente Amplio por la Unidad Patri\u00f3tica y el Rescate de la Naci\u00f3n, entre ellos los dirigentes estatales del PRD, V\u00edctor B\u00e1ez Ceja; de Movimiento Ciudadano, Daniel Moncada S\u00e1nchez; as\u00ed como el diputado del PT Reginaldo Sandoval Flores; Gaspar Romero Campos, secretario general del Sindicato del Colegio de Bachilleres, por mencionar algunos.<\/p>\n<p>Los asistentes presentaron al gobernador del estado el documento denominado \u201cAgenda Emergente por Michoac\u00e1n\u201d y tras una exposici\u00f3n de la misma, se qued\u00f3 sobre la mesa la posibilidad de caminar juntos -gobierno y organizaciones-, en base a ese planteamiento, por el desarrollo de la entidad.<\/p>\n<p>Durante el encuentro, Fausto Vallejo dej\u00f3 de manifiesto su voluntad de escuchar y estar abierto a todas las propuestas, siempre y cuando coincidan en beneficio de los michoacanos y por el progreso del estado.<\/p>\n<p>&nbsp;<\/p>\n<p>&nbsp;<\/p>\n","protected":false},"excerpt":{"rendered":"<p>Partidos pol\u00edticos y organizaciones de izquierda, se comprometieron a caminar juntos con el Gobierno del Estado, en la b\u00fasqueda de una mejor ruta hacia el bienestar y desarrollo de Michoac\u00e1n. El gobernador Fausto Vallejo Figueroa, se reuni\u00f3 con integrantes del PRD, PT y\u00a0 Movimiento Ciudadano, as\u00ed como con organizaciones de izquierda en la entidad, de [&hellip;]<\/p>\n","protected":false},"author":1,"featured_media":0,"comment_status":"open","ping_status":"open","sticky":false,"template":"","format":"standard","meta":{"footnotes":""},"categories":[14,3],"tags":[],"class_list":["post-4770","post","type-post","status-publish","format-standard","hentry","category-destacadas","category-gobierno-del-estado-de-michoacan"],"_links":{"self":[{"href":"https:\/\/radiowebmx.com\/nota\/wp-json\/wp\/v2\/posts\/4770","targetHints":{"allow":["GET"]}}],"collection":[{"href":"https:\/\/radiowebmx.com\/nota\/wp-json\/wp\/v2\/posts"}],"about":[{"href":"https:\/\/radiowebmx.com\/nota\/wp-json\/wp\/v2\/types\/post"}],"author":[{"embeddable":true,"href":"https:\/\/radiowebmx.com\/nota\/wp-json\/wp\/v2\/users\/1"}],"replies":[{"embeddable":true,"href":"https:\/\/radiowebmx.com\/nota\/wp-json\/wp\/v2\/comments?post=4770"}],"version-history":[{"count":2,"href":"https:\/\/radiowebmx.com\/nota\/wp-json\/wp\/v2\/posts\/4770\/revisions"}],"predecessor-version":[{"id":4988,"href":"https:\/\/radiowebmx.com\/nota\/wp-json\/wp\/v2\/posts\/4770\/revisions\/4988"}],"wp:attachment":[{"href":"https:\/\/radiowebmx.com\/nota\/wp-json\/wp\/v2\/media?parent=4770"}],"wp:term":[{"taxonomy":"category","embeddable":true,"href":"https:\/\/radiowebmx.com\/nota\/wp-json\/wp\/v2\/categories?post=4770"},{"taxonomy":"post_tag","embeddable":true,"href":"https:\/\/radiowebmx.com\/nota\/wp-json\/wp\/v2\/tags?post=4770"}],"curies":[{"name":"wp","href":"https:\/\/api.w.org\/{rel}","templated":true}]}}