{"id":4767,"date":"2013-12-03T12:34:22","date_gmt":"2013-12-03T18:34:22","guid":{"rendered":"https:\/\/radiowebmx.com\/nota\/?p=4767"},"modified":"2013-12-03T12:34:22","modified_gmt":"2013-12-03T18:34:22","slug":"en-reunion-de-gabinete-revisa-gobernador-fausto-vallejo-avances-de-las-dependencias-estatales%e2%80%8f","status":"publish","type":"post","link":"https:\/\/radiowebmx.com\/nota\/en-reunion-de-gabinete-revisa-gobernador-fausto-vallejo-avances-de-las-dependencias-estatales%e2%80%8f\/","title":{"rendered":"En reuni\u00f3n de Gabinete, revisa gobernador Fausto Vallejo avances de las dependencias estatales\u200f"},"content":{"rendered":"<p><a href=\"https:\/\/radiowebmx.com\/nota\/wp-content\/uploads\/2013\/12\/DSC_7527.jpg\"><img loading=\"lazy\" decoding=\"async\" class=\"alignleft size-full wp-image-4768\" alt=\"DSC_7527\" src=\"https:\/\/radiowebmx.com\/nota\/wp-content\/uploads\/2013\/12\/DSC_7527.jpg\" width=\"591\" height=\"312\" \/><\/a>Con el prop\u00f3sito de dar seguimiento a las acciones, programas y proyectos de las dependencias del gobierno estatal, el gobernador Fausto Vallejo Figueroa, sostuvo una reuni\u00f3n de Gabinete en Casa de Gobierno, donde se conoci\u00f3 sobre los avances que en lo particular llevan cada una de las secretar\u00edas y coordinaciones.<\/p>\n","protected":false},"excerpt":{"rendered":"<p>Con el prop\u00f3sito de dar seguimiento a las acciones, programas y proyectos de las dependencias del gobierno estatal, el gobernador Fausto Vallejo Figueroa, sostuvo una reuni\u00f3n de Gabinete en Casa de Gobierno, donde se conoci\u00f3 sobre los avances que en lo particular llevan cada una de las secretar\u00edas y coordinaciones.<\/p>\n","protected":false},"author":1,"featured_media":0,"comment_status":"open","ping_status":"open","sticky":false,"template":"","format":"standard","meta":{"footnotes":""},"categories":[1],"tags":[],"class_list":["post-4767","post","type-post","status-publish","format-standard","hentry","category-sin-categoria"],"_links":{"self":[{"href":"https:\/\/radiowebmx.com\/nota\/wp-json\/wp\/v2\/posts\/4767","targetHints":{"allow":["GET"]}}],"collection":[{"href":"https:\/\/radiowebmx.com\/nota\/wp-json\/wp\/v2\/posts"}],"about":[{"href":"https:\/\/radiowebmx.com\/nota\/wp-json\/wp\/v2\/types\/post"}],"author":[{"embeddable":true,"href":"https:\/\/radiowebmx.com\/nota\/wp-json\/wp\/v2\/users\/1"}],"replies":[{"embeddable":true,"href":"https:\/\/radiowebmx.com\/nota\/wp-json\/wp\/v2\/comments?post=4767"}],"version-history":[{"count":1,"href":"https:\/\/radiowebmx.com\/nota\/wp-json\/wp\/v2\/posts\/4767\/revisions"}],"predecessor-version":[{"id":4769,"href":"https:\/\/radiowebmx.com\/nota\/wp-json\/wp\/v2\/posts\/4767\/revisions\/4769"}],"wp:attachment":[{"href":"https:\/\/radiowebmx.com\/nota\/wp-json\/wp\/v2\/media?parent=4767"}],"wp:term":[{"taxonomy":"category","embeddable":true,"href":"https:\/\/radiowebmx.com\/nota\/wp-json\/wp\/v2\/categories?post=4767"},{"taxonomy":"post_tag","embeddable":true,"href":"https:\/\/radiowebmx.com\/nota\/wp-json\/wp\/v2\/tags?post=4767"}],"curies":[{"name":"wp","href":"https:\/\/api.w.org\/{rel}","templated":true}]}}