{"id":4761,"date":"2013-12-03T12:22:58","date_gmt":"2013-12-03T18:22:58","guid":{"rendered":"https:\/\/radiowebmx.com\/nota\/?p=4761"},"modified":"2013-12-03T12:22:58","modified_gmt":"2013-12-03T18:22:58","slug":"busca-ssm-mejorar-la-salud-de-los-ninos-a-traves-de-firma-de-convenio-con-childfund-mexico","status":"publish","type":"post","link":"https:\/\/radiowebmx.com\/nota\/busca-ssm-mejorar-la-salud-de-los-ninos-a-traves-de-firma-de-convenio-con-childfund-mexico\/","title":{"rendered":"BUSCA SSM MEJORAR LA SALUD DE LOS NI\u00d1OS A TRAV\u00c9S DE FIRMA DE CONVENIO CON CHILDFUND M\u00c9XICO"},"content":{"rendered":"<p><a href=\"https:\/\/radiowebmx.com\/nota\/wp-content\/uploads\/2013\/12\/IMG_2220.jpg\"><img loading=\"lazy\" decoding=\"async\" class=\"alignleft size-full wp-image-4762\" alt=\"IMG_2220\" src=\"https:\/\/radiowebmx.com\/nota\/wp-content\/uploads\/2013\/12\/IMG_2220.jpg\" width=\"591\" height=\"311\" \/><\/a>Para incrementar las acciones que permitan coadyuvar en mejorar la nutrici\u00f3n de los ni\u00f1os del<b> <\/b>municipio de L\u00e1zaro C\u00e1rdenas, la Secretar\u00eda de Salud en Michoac\u00e1n (SSM) y el Fondo para Ni\u00f1os de M\u00e9xico A.C (ChildFund M\u00e9xico), signaron un convenio de colaboraci\u00f3n. <b><\/b><\/p>\n<p><b>\u00a0<\/b><\/p>\n<p>Durante la firma, el titular de la SSM, Rafael D\u00edaz Rodr\u00edguez agradeci\u00f3 el inter\u00e9s de dicha Fundaci\u00f3n por realizar tareas como \u00e9sta y llegar hasta las comunidades de mayor vulnerabilidad en el estado a trav\u00e9s de los Centros de Desarrollo Comunitario ubicados en Ocumicho, Tuxpan, Santa Fe de la Laguna, Zicuicho y L\u00e1zaro C\u00e1rdenas.<\/p>\n<p>&nbsp;<\/p>\n<p>Detall\u00f3 que en el municipio de L\u00e1zaro C\u00e1rdenas a trav\u00e9s de la Jurisdicci\u00f3n Sanitaria 8 (L\u00e1zaro C\u00e1rdenas), trabaja ChildFund en las comunidades de San Juan Bosco, Acalpican, El Habillal, Playa Azul, Buenos Aires y La Mira.<\/p>\n<p>&nbsp;<\/p>\n<p>D\u00edaz Rodr\u00edguez, consider\u00f3 que es importante que los menores que son atendidos en estos espacios sean afiliados al Seguro Popular, para que tengan una cobertura amplia en materia amplica en materia de salud.<\/p>\n<p>&nbsp;<\/p>\n<p>En tanto, Virginia de la Luz Vargas de la Mora, directora Nacional del Fondo para Ni\u00f1os de M\u00e9xico AC (ChildFund M\u00e9xico) dio a conocer que son 15 millones de ni\u00f1os en 58 pa\u00edses los que son favorecidos por medio de esta organizaci\u00f3n que busca que los menores que viven en pobreza est\u00e9n sanos, libres de violencia, que conozcan sus derechos y que desarrollen sus capacidades, para que se conviertan en l\u00edderes y lleven cambios positivos y duraderos a sus familias y comunidades.<\/p>\n<p>&nbsp;<\/p>\n<p>\u201cContribuimos a transformar comunidades creando capacidades en ni\u00f1as, ni\u00f1os, j\u00f3venes y sus padres para que sean los actores de su propio desarrollo. Nuestras l\u00edneas est\u00e1n enfocadas en Salud, Nutrici\u00f3n, Educaci\u00f3n, Medio Ambiente y Protecci\u00f3n al Ni\u00f1o\u201d, dijo.<\/p>\n<p>&nbsp;<\/p>\n<p>Vargas de la Mora, subray\u00f3 que todos los temas son de suma relevancia, sin embargo hacen mayor \u00e9nfasis en Salud y Nutrici\u00f3n, \u201cdetectamos casos de anemia y desnutrici\u00f3n en los menores, les damos un puntual seguimiento porque nos interesa su bienestar\u201d, exclam\u00f3.<\/p>\n<p>&nbsp;<\/p>\n<p>Enfatiz\u00f3 que en el puerto de L\u00e1zaro C\u00e1rdenas, adem\u00e1s de trabajar con la SSM, tambi\u00e9n se une al programa la empresa ArcelorMittal, quien firm\u00f3 un convenio de colaboraci\u00f3n con la Fundaci\u00f3n por nueve a\u00f1os, de tal forma que se convierten en sus patrocinadores.<\/p>\n<p>&nbsp;<\/p>\n<p>El objetivo del Fondo para Ni\u00f1os de M\u00e9xico AC (ChildFund M\u00e9xico) es desarrollar programas que erradiquen las causas de la pobreza en las \u00e1reas de influencia de las Organizaciones Comunitarias. Trabaja en estados de Rep\u00fablica como: Chiapas, Veracruz, Hidalgo, Oaxaca, Puebla, Estado de M\u00e9xico y Michoac\u00e1n.<\/p>\n<p>&nbsp;<\/p>\n<p>Las Organizaciones Comunitarias o Centros de Desarrollo Comunitario son dirigidas por los padres de familia, en las que desarrollan programas de acuerdo a las necesidades e intereses propios de la poblaci\u00f3n.<\/p>\n<p>&nbsp;<\/p>\n<p>Organizaciones en Michoac\u00e1n:<\/p>\n<p>&nbsp;<\/p>\n<ul>\n<li>Centro de Promoci\u00f3n Ocumicho AC.<\/li>\n<\/ul>\n<p>La Organizaci\u00f3n Comunitaria Ocumicho, se encuentra ubicada en la comunidad de Ocumicho, en el municipio de Charap\u00e1n y atiende a dos comunidades. Actualmente participan 245 familias y 566 ni\u00f1os.<\/p>\n<p>&nbsp;<\/p>\n<ul>\n<li>Santiago Tuxpan AC.<\/li>\n<\/ul>\n<p>La Organizaci\u00f3n Comunitaria Santiago Tuxpan, se ubica en la ciudad de Tuxpan y atiende 32 comunidades. Participan 900 familias y mil 635 menores.<\/p>\n<p>&nbsp;<\/p>\n<ul>\n<li>Ni\u00f1os Santa Fe AC.<\/li>\n<\/ul>\n<p>La Organizaci\u00f3n Comunitaria Ni\u00f1os Santa Fe, se sit\u00faa en la rivera del Lago de P\u00e1tzcuaro, en Santa Fe de la Laguna, atiende una comunidad. Actualmente participan 273 familias y 505 infantes.<\/p>\n<p>&nbsp;<\/p>\n<ul>\n<li>Asociaci\u00f3n Social Zicuicho AC.<\/li>\n<\/ul>\n<p>La Organizaci\u00f3n Comunitaria Asociaci\u00f3n Social Zicuicho, se ubica en el municipio de Los Reyes y atiende a tres comunidades. Participan 202 familias y 638 peque\u00f1os.<\/p>\n<p>&nbsp;<\/p>\n<ul>\n<li>Proyecto de Desarrollo Integral de L\u00e1zaro C\u00e1rdenas<\/li>\n<\/ul>\n<p>El Centro de Desarrollo Comunitario de L\u00e1zaro C\u00e1rdenas, se ubica en La Mira y atiende seis comunidades. Actualmente participan mil 300 ni\u00f1os.<\/p>\n<p>&nbsp;<\/p>\n","protected":false},"excerpt":{"rendered":"<p>Para incrementar las acciones que permitan coadyuvar en mejorar la nutrici\u00f3n de los ni\u00f1os del municipio de L\u00e1zaro C\u00e1rdenas, la Secretar\u00eda de Salud en Michoac\u00e1n (SSM) y el Fondo para Ni\u00f1os de M\u00e9xico A.C (ChildFund M\u00e9xico), signaron un convenio de colaboraci\u00f3n. \u00a0 Durante la firma, el titular de la SSM, Rafael D\u00edaz Rodr\u00edguez agradeci\u00f3 el [&hellip;]<\/p>\n","protected":false},"author":1,"featured_media":0,"comment_status":"open","ping_status":"open","sticky":false,"template":"","format":"standard","meta":{"footnotes":""},"categories":[14,3],"tags":[],"class_list":["post-4761","post","type-post","status-publish","format-standard","hentry","category-destacadas","category-gobierno-del-estado-de-michoacan"],"_links":{"self":[{"href":"https:\/\/radiowebmx.com\/nota\/wp-json\/wp\/v2\/posts\/4761","targetHints":{"allow":["GET"]}}],"collection":[{"href":"https:\/\/radiowebmx.com\/nota\/wp-json\/wp\/v2\/posts"}],"about":[{"href":"https:\/\/radiowebmx.com\/nota\/wp-json\/wp\/v2\/types\/post"}],"author":[{"embeddable":true,"href":"https:\/\/radiowebmx.com\/nota\/wp-json\/wp\/v2\/users\/1"}],"replies":[{"embeddable":true,"href":"https:\/\/radiowebmx.com\/nota\/wp-json\/wp\/v2\/comments?post=4761"}],"version-history":[{"count":2,"href":"https:\/\/radiowebmx.com\/nota\/wp-json\/wp\/v2\/posts\/4761\/revisions"}],"predecessor-version":[{"id":4764,"href":"https:\/\/radiowebmx.com\/nota\/wp-json\/wp\/v2\/posts\/4761\/revisions\/4764"}],"wp:attachment":[{"href":"https:\/\/radiowebmx.com\/nota\/wp-json\/wp\/v2\/media?parent=4761"}],"wp:term":[{"taxonomy":"category","embeddable":true,"href":"https:\/\/radiowebmx.com\/nota\/wp-json\/wp\/v2\/categories?post=4761"},{"taxonomy":"post_tag","embeddable":true,"href":"https:\/\/radiowebmx.com\/nota\/wp-json\/wp\/v2\/tags?post=4761"}],"curies":[{"name":"wp","href":"https:\/\/api.w.org\/{rel}","templated":true}]}}