{"id":4758,"date":"2013-12-03T12:18:27","date_gmt":"2013-12-03T18:18:27","guid":{"rendered":"https:\/\/radiowebmx.com\/nota\/?p=4758"},"modified":"2013-12-03T12:18:27","modified_gmt":"2013-12-03T18:18:27","slug":"con-funcion-de-titeres-en-purepecha-promueven-la-equidad-de-genero","status":"publish","type":"post","link":"https:\/\/radiowebmx.com\/nota\/con-funcion-de-titeres-en-purepecha-promueven-la-equidad-de-genero\/","title":{"rendered":"CON FUNCI\u00d3N DE T\u00cdTERES EN P\u2019UR\u00c9PECHA  PROMUEVEN LA EQUIDAD DE G\u00c9NERO"},"content":{"rendered":"<p><a href=\"https:\/\/radiowebmx.com\/nota\/wp-content\/uploads\/2013\/12\/IMG_0081.jpg\"><img loading=\"lazy\" decoding=\"async\" class=\"alignleft size-full wp-image-4759\" alt=\"IMG_0081\" src=\"https:\/\/radiowebmx.com\/nota\/wp-content\/uploads\/2013\/12\/IMG_0081.jpg\" width=\"591\" height=\"236\" \/><\/a>Ex alumnas de la Universidad Intercultural Ind\u00edgena de Michoac\u00e1n (UIIM), del \u00e1rea de Lengua y Comunicaci\u00f3n Intercultural, realizan en el estado la \u00fanica propuesta de teatro con t\u00edteres en su lengua materna (P\u2019urh\u00e9pecha) y con subt\u00edtulos en espa\u00f1ol, que tiene como tema la equidad de g\u00e9nero; este arte es utilizado como herramienta para difundir la lengua como patrimonio, adem\u00e1s de ser un ejercicio noble y creativo para llevar a las comunidades un momento de alegr\u00eda.<\/p>\n<p>&nbsp;<\/p>\n<p>El grupo de ling\u00fcistas se present\u00f3 acompa\u00f1ado del grupo de danza de la UIIM, en el marco del COOPERAT\u00d3N,\u00a0 en beneficio de la escuela de educaci\u00f3n especial de Pich\u00e1taro, en donde se llev\u00f3 a cabo un evento cultural de doce horas para que la gente pudiera disfrutar de actividades art\u00edsticas, adem\u00e1s de hacer donativos voluntarios.<\/p>\n<p>&nbsp;<\/p>\n<p>Las egresadas de la UIIM se han presentado tambi\u00e9n en Acachu\u00e9n, Quinceo, Jar\u00e1cuaro, Janitzio, Tarecuato; posteriormente en zonas de jornaleros agr\u00edcolas de la Costa, Yur\u00e9cuaro y en la Universidad Intercultural, <i>campus <\/i>P\u2019urh\u00e9pecha.<\/p>\n<p>&nbsp;<\/p>\n<p>Durante una entrevista, el investigador de Artes Esc\u00e9nicas, Carlos Espinoza Valencia, explic\u00f3 que es un proyecto que se desarroll\u00f3 con apoyo de la Comisi\u00f3n para el Desarrollo de los Pueblos Ind\u00edgenas (CDI); \u201cla obra cuenta con 6 t\u00edteres gui\u00f1ol y 5 de varillas de alto relieve de un\u00a0 metro de altura. Seis de los t\u00edteres fueron construidos en la UIIM en coordinaci\u00f3n con los maestros Eduardo Nolasco y C\u00e9sar Arceo, como un ejercicio de difusi\u00f3n, en donde generamos estrategias de promoci\u00f3n y otros 5 t\u00edteres los don\u00e9 yo\u201d, explic\u00f3.<\/p>\n<p>&nbsp;<\/p>\n<p>En cuanto al impacto que ha tenido la obra, Carlos Espinoza dijo que la respuesta de la gente ha sido sorprendente, por el hecho de que exista un grupo de titiriteras mujeres y de habla p\u2019urh\u00e9pecha.<\/p>\n<p>&nbsp;<\/p>\n<p>Tambi\u00e9n, mencion\u00f3 que la propuesta gira en torno a la participaci\u00f3n de la mujer en la construcci\u00f3n de las comunidades ind\u00edgenas, en este caso las que hablan el p\u00b4urh\u00e9pecha; y tiene como respaldo escenogr\u00e1fico fragmentos de l\u00e1minas de la Relaci\u00f3n de Michoac\u00e1n; \u201cla intenci\u00f3n de este planteamiento escenogr\u00e1fico, tiene que ver con visualizar a la mujer y qu\u00e9 participaci\u00f3n ten\u00eda\u201d, puntualiz\u00f3.<\/p>\n<p>&nbsp;<\/p>\n<p>Otro atractivo de la obra, es que a trav\u00e9s de \u00e9sta se pueda plantear el cambio de actitud que pueden tener los hombres y mujeres frente a la comunidad o en torno a la mujer; por ello va inmersa una cr\u00edtica positiva, constructiva, que pretende llevar a la posibilidad de construir una mejor sociedad.<\/p>\n<p>&nbsp;<\/p>\n<p>La obra es para todo p\u00fablico y tiene un gran poder de colorido y belleza, adem\u00e1s de escenograf\u00edas rotativas, es una presentaci\u00f3n sumamente atractiva.<\/p>\n<p>&nbsp;<\/p>\n<p>\u201cPor lo anterior he platicado con ellas y creo que es necesario que se haga una oferta que involucre a otras instituciones, para que el proyecto no quede aqu\u00ed. Es un proyecto que puede ser articulado y con seguimiento de Bellas Artes, la Secretaria de Educaci\u00f3n y la CDI\u201d, finaliz\u00f3 Espinoza Valencia.<\/p>\n","protected":false},"excerpt":{"rendered":"<p>Ex alumnas de la Universidad Intercultural Ind\u00edgena de Michoac\u00e1n (UIIM), del \u00e1rea de Lengua y Comunicaci\u00f3n Intercultural, realizan en el estado la \u00fanica propuesta de teatro con t\u00edteres en su lengua materna (P\u2019urh\u00e9pecha) y con subt\u00edtulos en espa\u00f1ol, que tiene como tema la equidad de g\u00e9nero; este arte es utilizado como herramienta para difundir la [&hellip;]<\/p>\n","protected":false},"author":1,"featured_media":0,"comment_status":"open","ping_status":"open","sticky":false,"template":"","format":"standard","meta":{"footnotes":""},"categories":[14,3],"tags":[],"class_list":["post-4758","post","type-post","status-publish","format-standard","hentry","category-destacadas","category-gobierno-del-estado-de-michoacan"],"_links":{"self":[{"href":"https:\/\/radiowebmx.com\/nota\/wp-json\/wp\/v2\/posts\/4758","targetHints":{"allow":["GET"]}}],"collection":[{"href":"https:\/\/radiowebmx.com\/nota\/wp-json\/wp\/v2\/posts"}],"about":[{"href":"https:\/\/radiowebmx.com\/nota\/wp-json\/wp\/v2\/types\/post"}],"author":[{"embeddable":true,"href":"https:\/\/radiowebmx.com\/nota\/wp-json\/wp\/v2\/users\/1"}],"replies":[{"embeddable":true,"href":"https:\/\/radiowebmx.com\/nota\/wp-json\/wp\/v2\/comments?post=4758"}],"version-history":[{"count":1,"href":"https:\/\/radiowebmx.com\/nota\/wp-json\/wp\/v2\/posts\/4758\/revisions"}],"predecessor-version":[{"id":4760,"href":"https:\/\/radiowebmx.com\/nota\/wp-json\/wp\/v2\/posts\/4758\/revisions\/4760"}],"wp:attachment":[{"href":"https:\/\/radiowebmx.com\/nota\/wp-json\/wp\/v2\/media?parent=4758"}],"wp:term":[{"taxonomy":"category","embeddable":true,"href":"https:\/\/radiowebmx.com\/nota\/wp-json\/wp\/v2\/categories?post=4758"},{"taxonomy":"post_tag","embeddable":true,"href":"https:\/\/radiowebmx.com\/nota\/wp-json\/wp\/v2\/tags?post=4758"}],"curies":[{"name":"wp","href":"https:\/\/api.w.org\/{rel}","templated":true}]}}