{"id":4755,"date":"2013-12-03T12:13:01","date_gmt":"2013-12-03T18:13:01","guid":{"rendered":"https:\/\/radiowebmx.com\/nota\/?p=4755"},"modified":"2013-12-03T12:13:01","modified_gmt":"2013-12-03T18:13:01","slug":"michoacan-incremento-atencion-a-ninos-con-discapacidad-con-aptitudes-sobresalientes-yo-talentos-especificos","status":"publish","type":"post","link":"https:\/\/radiowebmx.com\/nota\/michoacan-incremento-atencion-a-ninos-con-discapacidad-con-aptitudes-sobresalientes-yo-talentos-especificos\/","title":{"rendered":"MICHOAC\u00c1N INCREMENT\u00d3 ATENCI\u00d3N A NI\u00d1OS CON DISCAPACIDAD, CON APTITUDES SOBRESALIENTES Y\/O TALENTOS ESPEC\u00cdFICOS"},"content":{"rendered":"<p><a href=\"https:\/\/radiowebmx.com\/nota\/wp-content\/uploads\/2013\/12\/INCLUSI\u00d3N-2.jpg\"><img loading=\"lazy\" decoding=\"async\" class=\"alignleft size-full wp-image-4756\" alt=\"INCLUSI\u00d3N 2\" src=\"https:\/\/radiowebmx.com\/nota\/wp-content\/uploads\/2013\/12\/INCLUSI\u00d3N-2.jpg\" width=\"591\" height=\"294\" \/><\/a>La Subdirecci\u00f3n de Educaci\u00f3n Especial en Michoac\u00e1n trabaja en la inclusi\u00f3n e increment\u00f3, en un 8 por ciento, la atenci\u00f3n a las personas con discapacidad y\/o con aptitudes sobresalientes y talentos espec\u00edficos. Actualmente son aproximadamente 14 mil alumnos de preescolar, primaria, secundaria y hasta la \u00a0incorporaci\u00f3n al \u00e1mbito laboral.<\/p>\n<p>De acuerdo con el subdirector, V\u00edctor Hugo Mena, en el actual ciclo escolar se increment\u00f3 la cantidad de alumnos con alguna discapacidad y con aptitudes sobresalientes y\/o talentos espec\u00edficos, lo que representa que mil 200 ni\u00f1os m\u00e1s sean atendidos gracias a la contrataci\u00f3n de m\u00e1s personal.<\/p>\n<p>Se ofrece el servicio en 5 \u00e1reas: ceguera, discapacidad visual, sordera, hipoacusia, matriz, actitudes sobresalientes y talentos espec\u00edficos, as\u00ed como la discapacidad intelectual, rubro en el que tienen registraron a m\u00e1s de 9 mil estudiantes.<\/p>\n<p>La educaci\u00f3n especial contribuye a cumplir con la misi\u00f3n de la educaci\u00f3n b\u00e1sica, es decir, garantizar que todos los ni\u00f1os, ni\u00f1as y j\u00f3venes michoacanos tengan acceso a una educaci\u00f3n b\u00e1sica gratuita y de calidad, apoyando la permanencia y culminaci\u00f3n de sus estudios.<\/p>\n<p>El Servicio de Educaci\u00f3n Especial se ofrece en la entidad desde los a\u00f1os 70; algunos trabajadores que iniciaron con la atenci\u00f3n fueron: Mar\u00eda del Carmen Vaca Ram\u00edrez, Juan Gerardo L\u00f3pez Zavala; Mario Ignacio Castillo Vega y Mar\u00eda Elena Caballero.<\/p>\n<p>Los centros que brindan el servicio son: Unidades de Servicios de Atenci\u00f3n a la Escuela Regular (USAER); Centro de Atenci\u00f3n Piscopedag\u00f3gico; Centro de Aptitudes Sobresalientes; Centros de Recursos e Informaci\u00f3n en Educaci\u00f3n Especial (CRIEE); Centro de Capacitaci\u00f3n en Educaci\u00f3n Especial (CECADECE); Escuelas de Educaci\u00f3n Especial.<\/p>\n<p>Como parte de las acciones que ofrece el departamento se encuentra el Programa de Inclusi\u00f3n Laboral para J\u00f3venes con Discapacidad, el cual logra la vinculaci\u00f3n con el sector productivo a personas con alguna discapacidad, sobre todo permite que adolescentes y j\u00f3venes mayores de 15 a\u00f1os de edad complementen su formaci\u00f3n educativa con la pr\u00e1ctica.<\/p>\n<p>Hasta agosto del presente a\u00f1o fueron un total de 739 alumnos en proceso de formaci\u00f3n laboral y 84 adolescentes que ya est\u00e1n incluidos como empleados en alguna empresa, adem\u00e1s est\u00e1n en su \u00faltima fase de formaci\u00f3n educativa. Son 57 Centros de Atenci\u00f3n M\u00faltiple (CAM) y 5 Centros de Capacitaci\u00f3n de Educaci\u00f3n Especial\u00a0 ubicados en Zamora, L\u00e1zaro C\u00e1rdenas, Uruapan, La Piedad\u00a0 y Morelia<\/p>\n<p>Este programa permite a los adolescentes y j\u00f3venes con las edades ya mencionadas incorporarse al campo laboral, desde la educaci\u00f3n b\u00e1sica (preescolar, primaria y secundaria) reciben una formaci\u00f3n en competencias para la vida laboral.<\/p>\n<p>&nbsp;<\/p>\n<p>Las tres etapas que lo integran son la rotaci\u00f3n con talleres como manualidades, reposter\u00eda, carpinter\u00eda entre otros. La segunda es la alternancia laboral en el que se promueven proyectos como panader\u00eda como la que tienen en Pastor Ortiz con una atenci\u00f3n acad\u00e9mica y en Uruapan con elaboraci\u00f3n de pi\u00f1atas y la tercera cuando est\u00e1n incluidos en una empresa, principalmente tur\u00edstica, como restaurantes y hoteles.<\/p>\n<p>Una de las acciones que realiza la educaci\u00f3n inicial\u00a0 y especial es orientar a los alumnos con alguna discapacidad se les ofrece una formaci\u00f3n laboral, en dos modalidades en los talleres de las propias escuelas como el CAM Margarita Maza de Ju\u00e1rez y la cual se atiende en los planteles de educaci\u00f3n especial.<\/p>\n<p>Otras acciones que realiza la Subdirecci\u00f3n\u00a0 es la capacitaci\u00f3n y atenci\u00f3n a los padres de familia, adem\u00e1s de que ahora en el marco del D\u00eda Internacional de las Personas con Discapacidad, llevar\u00e1n a cabo el 16 y 17 del presente mes, el 2\u00ba Encuentro Estatal de Padres y Ni\u00f1os de Educaci\u00f3n Especial; en las actividades se contar\u00e1 con la participaci\u00f3n de los paterfamilias de las 13 zonas escolares y 5 regiones del estado. Se ofrecer\u00e1n talleres y conferencias con tem\u00e1ticas como Estilos de Pap\u00e1s, Proyectos de Vida en funci\u00f3n del padre y la madre; Resilencia, es decir cuando los padres superan situaciones dif\u00edciles; entre otras.<\/p>\n<p>Para mayor informaci\u00f3n sobre el 2\u00ba Encuentro Estatal de Padres y Ni\u00f1os de Educaci\u00f3n Especial comunicarse a la Subdirecci\u00f3n a los tel\u00e9fonos 443 3 22 01 00 a la extensiones 1378 y 1379.<\/p>\n<p>En el marco del D\u00eda Internacional de la Discapacidad en las regiones donde se tiene el servicio de educaci\u00f3n especial, personal directivo y docente realizan las colectas para recabar fondos que cubran parte de las necesidades m\u00e1s apremiantes de los centros de trabajo.<\/p>\n","protected":false},"excerpt":{"rendered":"<p>La Subdirecci\u00f3n de Educaci\u00f3n Especial en Michoac\u00e1n trabaja en la inclusi\u00f3n e increment\u00f3, en un 8 por ciento, la atenci\u00f3n a las personas con discapacidad y\/o con aptitudes sobresalientes y talentos espec\u00edficos. Actualmente son aproximadamente 14 mil alumnos de preescolar, primaria, secundaria y hasta la  incorporaci\u00f3n al \u00e1mbito laboral.<\/p>\n","protected":false},"author":1,"featured_media":0,"comment_status":"open","ping_status":"open","sticky":false,"template":"","format":"standard","meta":{"footnotes":""},"categories":[14,3],"tags":[],"class_list":["post-4755","post","type-post","status-publish","format-standard","hentry","category-destacadas","category-gobierno-del-estado-de-michoacan"],"_links":{"self":[{"href":"https:\/\/radiowebmx.com\/nota\/wp-json\/wp\/v2\/posts\/4755","targetHints":{"allow":["GET"]}}],"collection":[{"href":"https:\/\/radiowebmx.com\/nota\/wp-json\/wp\/v2\/posts"}],"about":[{"href":"https:\/\/radiowebmx.com\/nota\/wp-json\/wp\/v2\/types\/post"}],"author":[{"embeddable":true,"href":"https:\/\/radiowebmx.com\/nota\/wp-json\/wp\/v2\/users\/1"}],"replies":[{"embeddable":true,"href":"https:\/\/radiowebmx.com\/nota\/wp-json\/wp\/v2\/comments?post=4755"}],"version-history":[{"count":1,"href":"https:\/\/radiowebmx.com\/nota\/wp-json\/wp\/v2\/posts\/4755\/revisions"}],"predecessor-version":[{"id":4757,"href":"https:\/\/radiowebmx.com\/nota\/wp-json\/wp\/v2\/posts\/4755\/revisions\/4757"}],"wp:attachment":[{"href":"https:\/\/radiowebmx.com\/nota\/wp-json\/wp\/v2\/media?parent=4755"}],"wp:term":[{"taxonomy":"category","embeddable":true,"href":"https:\/\/radiowebmx.com\/nota\/wp-json\/wp\/v2\/categories?post=4755"},{"taxonomy":"post_tag","embeddable":true,"href":"https:\/\/radiowebmx.com\/nota\/wp-json\/wp\/v2\/tags?post=4755"}],"curies":[{"name":"wp","href":"https:\/\/api.w.org\/{rel}","templated":true}]}}