{"id":4752,"date":"2013-12-03T12:08:54","date_gmt":"2013-12-03T18:08:54","guid":{"rendered":"https:\/\/radiowebmx.com\/nota\/?p=4752"},"modified":"2013-12-03T12:08:54","modified_gmt":"2013-12-03T18:08:54","slug":"habitantes-de-indaparapeo-regularizan-su-identidad-civil","status":"publish","type":"post","link":"https:\/\/radiowebmx.com\/nota\/habitantes-de-indaparapeo-regularizan-su-identidad-civil\/","title":{"rendered":"HABITANTES DE INDAPARAPEO REGULARIZAN SU IDENTIDAD CIVIL"},"content":{"rendered":"<p><a href=\"https:\/\/radiowebmx.com\/nota\/wp-content\/uploads\/2013\/12\/indaparapeo1.jpg\"><img loading=\"lazy\" decoding=\"async\" class=\"alignleft size-full wp-image-4753\" alt=\"indaparapeo1\" src=\"https:\/\/radiowebmx.com\/nota\/wp-content\/uploads\/2013\/12\/indaparapeo1.jpg\" width=\"591\" height=\"283\" \/><\/a><\/p>\n<p>Lo anterior fue dado a conocer por el director del Registro Civil del estado, Cuauht\u00e9moc Ram\u00edrez Dur\u00e1n, quien especific\u00f3 que el Oficial del Registro Civil de la localidad Juan Carlos Castro Mora, en coordinaci\u00f3n con el presidente municipal de Indaparapeo, Antonio L\u00f3pez Le\u00f3n, establecieron los trabajos que se desarrollaron en la Casa de la Cultura de este lugar.<\/p>\n<p>El funcionario estatal agreg\u00f3 que fue as\u00ed como se entregaron las actas de nacimiento y matrimonio a las personas que desde este ese d\u00eda obtuvieron una identidad civil ante el estado, habiendo registros extempor\u00e1neos con personas de la tercera edad que, por primera vez, tienen un documento que acredita ante el estado sus datos registrales.<\/p>\n<p>El edil Antonio L\u00f3pez Le\u00f3n, calific\u00f3 como una buena medida del gobierno de Michoac\u00e1n la realizaci\u00f3n de estas campa\u00f1as que benefician a las familias de la localidad que viv\u00edan en uni\u00f3n libre, pues ahora ya cuenta con un registro matrimonial, y por ende, los derechos y obligaciones ante el estado.<\/p>\n<p>El Oficial del Registro Civil, Juan Carlos Castro Mora, destac\u00f3 el apoyo de las autoridades municipales para llevar a cabo este evento y as\u00ed dar acceso a las personas a su identidad jur\u00eddica, privilegiando el cumplimiento de sus derechos fundamentales.<\/p>\n<p>&nbsp;<\/p>\n<p>&nbsp;<\/p>\n<p>ooo0ooo<\/p>\n","protected":false},"excerpt":{"rendered":"<p>Dentro de la campa\u00f1a gratuita de Regularizaci\u00f3n del Estado Civil de las personas, implementada por instrucciones del gobernador Fausto Vallejo Figueroa, se logr\u00f3 que en el municipio de Indaparapeo se realizara el registro de nacimiento de 16 menores de edad de entre los 3 meses de nacidos y hasta la edad de 3 a\u00f1os, as\u00ed como a dos adultos mayores y la celebraci\u00f3n de 19 matrimonios.<\/p>\n","protected":false},"author":1,"featured_media":0,"comment_status":"open","ping_status":"open","sticky":false,"template":"","format":"standard","meta":{"footnotes":""},"categories":[14,3],"tags":[],"class_list":["post-4752","post","type-post","status-publish","format-standard","hentry","category-destacadas","category-gobierno-del-estado-de-michoacan"],"_links":{"self":[{"href":"https:\/\/radiowebmx.com\/nota\/wp-json\/wp\/v2\/posts\/4752","targetHints":{"allow":["GET"]}}],"collection":[{"href":"https:\/\/radiowebmx.com\/nota\/wp-json\/wp\/v2\/posts"}],"about":[{"href":"https:\/\/radiowebmx.com\/nota\/wp-json\/wp\/v2\/types\/post"}],"author":[{"embeddable":true,"href":"https:\/\/radiowebmx.com\/nota\/wp-json\/wp\/v2\/users\/1"}],"replies":[{"embeddable":true,"href":"https:\/\/radiowebmx.com\/nota\/wp-json\/wp\/v2\/comments?post=4752"}],"version-history":[{"count":1,"href":"https:\/\/radiowebmx.com\/nota\/wp-json\/wp\/v2\/posts\/4752\/revisions"}],"predecessor-version":[{"id":4754,"href":"https:\/\/radiowebmx.com\/nota\/wp-json\/wp\/v2\/posts\/4752\/revisions\/4754"}],"wp:attachment":[{"href":"https:\/\/radiowebmx.com\/nota\/wp-json\/wp\/v2\/media?parent=4752"}],"wp:term":[{"taxonomy":"category","embeddable":true,"href":"https:\/\/radiowebmx.com\/nota\/wp-json\/wp\/v2\/categories?post=4752"},{"taxonomy":"post_tag","embeddable":true,"href":"https:\/\/radiowebmx.com\/nota\/wp-json\/wp\/v2\/tags?post=4752"}],"curies":[{"name":"wp","href":"https:\/\/api.w.org\/{rel}","templated":true}]}}