{"id":4701,"date":"2013-11-25T11:00:10","date_gmt":"2013-11-25T17:00:10","guid":{"rendered":"https:\/\/radiowebmx.com\/nota\/?p=4701"},"modified":"2013-11-25T11:00:10","modified_gmt":"2013-11-25T17:00:10","slug":"preciso-se-regule-programacion-infantil-en-radio-y-television-laura-gonzalez-martinez","status":"publish","type":"post","link":"https:\/\/radiowebmx.com\/nota\/preciso-se-regule-programacion-infantil-en-radio-y-television-laura-gonzalez-martinez\/","title":{"rendered":"Preciso se regule programaci\u00f3n infantil en radio y televisi\u00f3n: Laura Gonz\u00e1lez Mart\u00ednez"},"content":{"rendered":"<p><a href=\"https:\/\/radiowebmx.com\/nota\/wp-content\/uploads\/2013\/09\/Laura-Gonz\u00e1lez-en-entrevista.jpg\"><img loading=\"lazy\" decoding=\"async\" class=\"alignleft size-full wp-image-3865\" alt=\"Laura Gonz\u00e1lez en entrevista\" src=\"https:\/\/radiowebmx.com\/nota\/wp-content\/uploads\/2013\/09\/Laura-Gonz\u00e1lez-en-entrevista.jpg\" width=\"591\" height=\"332\" \/><\/a>Con el objetivo de que las transmisiones de radio y televisi\u00f3n dirigidos a la poblaci\u00f3n infantil en M\u00e9xico, se mantengan dentro de los l\u00edmites de respecto a la vida privada, a la dignidad personal y a la moral, evitando ataquen los derechos de terceros, as\u00ed como tambi\u00e9n, eviten la provocaci\u00f3n de cometer alg\u00fan delito, perturbando el orden y la paz dentro de la sociedad; la diputada Laura Gonz\u00e1lez Mart\u00ednez, integrante del Grupo Parlamentario del Partido Acci\u00f3n Nacional, hizo un llamado a la Secretar\u00eda de Gobernaci\u00f3n, para que revise los contenidos, as\u00ed como las clasificaciones de la programaci\u00f3n televisiva y radiof\u00f3nica, de igual manera, realice una campa\u00f1a efectiva de informaci\u00f3n sobre los l\u00edmites, horarios y contenidos medi\u00e1ticos que se deben de transmitir en el Pa\u00eds.<\/p>\n<p>Es importante destacar que ante el Pleno, en sesi\u00f3n extraordinaria del Poder Legislativo en la entidad, la diputada panista Gonz\u00e1lez Mart\u00ednez, present\u00f3 una\u00a0Propuesta de Acuerdo en conjunto con el diputado Sarbelio Molina, donde\u00a0exhortan a la Secretar\u00eda de Gobernaci\u00f3n del Poder Ejecutivo Federal, para que a trav\u00e9s de su\u00a0Direcci\u00f3n General de Radio, Televisi\u00f3n y Cinematograf\u00eda, revise las clasificaciones y contenidos de los programas, as\u00ed como de los anuncios \u00a0transmitidos en radio y televisi\u00f3n, dando m\u00e1xima publicidad a los resultados emitidos.<\/p>\n<p>Ante ello, la tambi\u00e9n Presidenta de la Comisi\u00f3n Legislativa de Derechos Humanos se\u00f1al\u00f3, \u201ces importante se regulen los contenidos que son transmitidos por radio y televisi\u00f3n, ya que dif\u00edcilmente se puede controlar el contenido que los ni\u00f1os ven o no en los medios de comunicaci\u00f3n, por lo que es indispensable que dentro de la programaci\u00f3n se evite la difusi\u00f3n de im\u00e1genes de cualquier tipo de violencia, verbal o f\u00edsica, ya que son perjudiciales para el sano desarrollo mental y emocional de los ni\u00f1os dentro de nuestra sociedad actual\u201d.<\/p>\n<p>Subray\u00f3 que actualmente existen una serie de normativas t\u00e9cnicas que regulan los contenidos que deben trasmitirse en radio, as\u00ed como en televisi\u00f3n, pero tambi\u00e9n debemos enfocarnos en exigir una programaci\u00f3n alternativa que permita al p\u00fablico contar con opciones de contenido social,\u00a0 cultural, educacional y deportivo, que permitan promover el conocimiento, la apreciaci\u00f3n y el disfrute de expresiones art\u00edsticas, intelectuales y populares, los avances cient\u00edficos y tecnol\u00f3gicos, as\u00ed como orientar sobre pr\u00e1cticas sanitarias y preservaci\u00f3n ecol\u00f3gica, as\u00ed como tambi\u00e9n fomentando el deporte.<\/p>\n<p>Indic\u00f3 que dentro de la programaci\u00f3n, es importante se impulse decididamente la promoci\u00f3n de la cultura y las artes entre la poblaci\u00f3n infantil y juvenil, \u201cestamos totalmente convencidos que la educaci\u00f3n y los valores son el \u00fanico medio para conseguir el sano desarrollo de nuestra ni\u00f1ez\u201d, subray\u00f3.<\/p>\n<p>Dentro de su intervenci\u00f3n ante los integrantes de la Septuag\u00e9sima Segunda Legislatura, la parlamentaria michoacana, record\u00f3 que dentro de las reuniones celebradas por El Consejo Preventivo de la Violencia Escolar en el Estado de Michoac\u00e1n, se pronunciaron por que el Congreso del Estado manifestara su preocupaci\u00f3n al fomento de la violencia y la generaci\u00f3n de indiferencia hacia la misma, la cual generan algunos de los contenidos de los programas de\u00a0 televisi\u00f3n dirigidos\u00a0 hacia el p\u00fablico\u00a0 infantil, mostrando en ocasiones\u00a0 que el abuso escolar o es una conducta com\u00fan, rebasando tajantemente los efectos que esta produce en la ni\u00f1ez del sector infantil.<\/p>\n<p>Finalmente Laura Gonz\u00e1lez Mart\u00ednez reiter\u00f3, \u201cno pretendemos censurar o limitar los contenidos publicados en los medios de comunicaci\u00f3n, solo sensibilizar sobre la importancia de promover la paz y la solidaridad entre los ciudadanos, por medio del mensaje emitido a los mexicanos, para que impulsemos el respeto a los principios de la moral social, la no discriminaci\u00f3n, as\u00ed como reforcemos los v\u00ednculos familiares dentro de los contenidos televisivos y radiof\u00f3nicos, generando herramientas que promuevan el desarrollo arm\u00f3nico de nuestra ni\u00f1ez mexicana\u201d.<\/p>\n","protected":false},"excerpt":{"rendered":"<p>Con el objetivo de que las transmisiones de radio y televisi\u00f3n dirigidos a la poblaci\u00f3n infantil en M\u00e9xico, se mantengan dentro de los l\u00edmites de respecto a la vida privada, a la dignidad personal y a la moral, evitando ataquen los derechos de terceros, as\u00ed como tambi\u00e9n, eviten la provocaci\u00f3n de cometer alg\u00fan delito, perturbando el orden y la paz dentro de la sociedad;<\/p>\n","protected":false},"author":1,"featured_media":0,"comment_status":"open","ping_status":"open","sticky":false,"template":"","format":"standard","meta":{"footnotes":""},"categories":[6,8],"tags":[],"class_list":["post-4701","post","type-post","status-publish","format-standard","hentry","category-congreso-del-estado","category-grupo-parlamentario-del-pan"],"_links":{"self":[{"href":"https:\/\/radiowebmx.com\/nota\/wp-json\/wp\/v2\/posts\/4701","targetHints":{"allow":["GET"]}}],"collection":[{"href":"https:\/\/radiowebmx.com\/nota\/wp-json\/wp\/v2\/posts"}],"about":[{"href":"https:\/\/radiowebmx.com\/nota\/wp-json\/wp\/v2\/types\/post"}],"author":[{"embeddable":true,"href":"https:\/\/radiowebmx.com\/nota\/wp-json\/wp\/v2\/users\/1"}],"replies":[{"embeddable":true,"href":"https:\/\/radiowebmx.com\/nota\/wp-json\/wp\/v2\/comments?post=4701"}],"version-history":[{"count":2,"href":"https:\/\/radiowebmx.com\/nota\/wp-json\/wp\/v2\/posts\/4701\/revisions"}],"predecessor-version":[{"id":4703,"href":"https:\/\/radiowebmx.com\/nota\/wp-json\/wp\/v2\/posts\/4701\/revisions\/4703"}],"wp:attachment":[{"href":"https:\/\/radiowebmx.com\/nota\/wp-json\/wp\/v2\/media?parent=4701"}],"wp:term":[{"taxonomy":"category","embeddable":true,"href":"https:\/\/radiowebmx.com\/nota\/wp-json\/wp\/v2\/categories?post=4701"},{"taxonomy":"post_tag","embeddable":true,"href":"https:\/\/radiowebmx.com\/nota\/wp-json\/wp\/v2\/tags?post=4701"}],"curies":[{"name":"wp","href":"https:\/\/api.w.org\/{rel}","templated":true}]}}