{"id":4694,"date":"2013-11-25T10:53:08","date_gmt":"2013-11-25T16:53:08","guid":{"rendered":"https:\/\/radiowebmx.com\/nota\/?p=4694"},"modified":"2013-11-25T10:53:08","modified_gmt":"2013-11-25T16:53:08","slug":"alarma-la-cantidad-de-mujeres-asesinadas-en-morelia-leticia-farfan","status":"publish","type":"post","link":"https:\/\/radiowebmx.com\/nota\/alarma-la-cantidad-de-mujeres-asesinadas-en-morelia-leticia-farfan\/","title":{"rendered":"ALARMA LA CANTIDAD DE MUJERES ASESINADAS EN MORELIA:  LETICIA FARF\u00c1N"},"content":{"rendered":"<p><a href=\"https:\/\/radiowebmx.com\/nota\/wp-content\/uploads\/2013\/11\/241113-FE-COMUNICADO-002-LFV.jpg\"><img loading=\"lazy\" decoding=\"async\" class=\"alignleft size-full wp-image-4695\" alt=\"241113 FE COMUNICADO 002 LFV\" src=\"https:\/\/radiowebmx.com\/nota\/wp-content\/uploads\/2013\/11\/241113-FE-COMUNICADO-002-LFV.jpg\" width=\"591\" height=\"393\" \/><\/a>Es alarmante el aumento en el n\u00famero de feminicidios perpetrados en Morelia, asegur\u00f3 la regidora del Partido Nueva Alianza, Leticia Farf\u00e1n V\u00e1zquez, quien hizo un llamado a las autoridades municipales y estatales a brindar mayor seguridad a los morelianos, as\u00ed como a las encargadas de procurar justicia para que investiguen a cabalidad los casos de homicidios donde las mujeres son v\u00edctimas.<\/p>\n<p>&nbsp;<\/p>\n<p>Farf\u00e1n V\u00e1zquez refiri\u00f3 que de acuerdo a estad\u00edsticas emitidas por la Procuradur\u00eda Estatal la regi\u00f3n de Morelia presenta en lo que va del a\u00f1o 29 casos de homicidios dolosos en contra de mujeres, mientras que en a\u00f1os anteriores la cifra anual era menor.<\/p>\n<p>&nbsp;<\/p>\n<p>\u201cEs preocupante ver como cada a\u00f1o aumentan las muertes dolosas en contra de las morelianas, por eso que desde el Cabildo tenemos que hacer un fuerte llamado a las autoridades estatales para que investiguen y esclarezcan los casos presentados durante el 2013, y desde lo local trabajar en una cultura de lucha contra la violencia de g\u00e9nero\u201d.<\/p>\n<p>&nbsp;<\/p>\n<p>La funcionaria municipal, dijo saber que la tipificaci\u00f3n del feminicidio en el C\u00f3digo Penal del Estado ya fue aprobado en comisiones y espera se haga lo mismo en el pleno del Congreso, adem\u00e1s conf\u00eda en que se siga trabajando en leyes en contra de la violencia a la mujer.<\/p>\n<p>&nbsp;<\/p>\n<p>Finalmente refrend\u00f3 su compromiso, para que desde el Cabildo moreliano, la autoridad municipal realice acciones a favor de la protecci\u00f3n de las mujeres, adem\u00e1s de que el ayuntamiento a trav\u00e9s de la Secretar\u00eda de Seguridad Ciudadana y el Instituto de la Mujer Moreliana, pongan atenci\u00f3n en el tema para abonar a la prevenci\u00f3n.<\/p>\n","protected":false},"excerpt":{"rendered":"<p>Es alarmante el aumento en el n\u00famero de feminicidios perpetrados en Morelia, asegur\u00f3 la regidora del Partido Nueva Alianza, Leticia Farf\u00e1n V\u00e1zquez, quien hizo un llamado a las autoridades municipales y estatales a brindar mayor seguridad a los morelianos<\/p>\n","protected":false},"author":1,"featured_media":0,"comment_status":"open","ping_status":"open","sticky":false,"template":"","format":"standard","meta":{"footnotes":""},"categories":[14,3],"tags":[],"class_list":["post-4694","post","type-post","status-publish","format-standard","hentry","category-destacadas","category-gobierno-del-estado-de-michoacan"],"_links":{"self":[{"href":"https:\/\/radiowebmx.com\/nota\/wp-json\/wp\/v2\/posts\/4694","targetHints":{"allow":["GET"]}}],"collection":[{"href":"https:\/\/radiowebmx.com\/nota\/wp-json\/wp\/v2\/posts"}],"about":[{"href":"https:\/\/radiowebmx.com\/nota\/wp-json\/wp\/v2\/types\/post"}],"author":[{"embeddable":true,"href":"https:\/\/radiowebmx.com\/nota\/wp-json\/wp\/v2\/users\/1"}],"replies":[{"embeddable":true,"href":"https:\/\/radiowebmx.com\/nota\/wp-json\/wp\/v2\/comments?post=4694"}],"version-history":[{"count":2,"href":"https:\/\/radiowebmx.com\/nota\/wp-json\/wp\/v2\/posts\/4694\/revisions"}],"predecessor-version":[{"id":4697,"href":"https:\/\/radiowebmx.com\/nota\/wp-json\/wp\/v2\/posts\/4694\/revisions\/4697"}],"wp:attachment":[{"href":"https:\/\/radiowebmx.com\/nota\/wp-json\/wp\/v2\/media?parent=4694"}],"wp:term":[{"taxonomy":"category","embeddable":true,"href":"https:\/\/radiowebmx.com\/nota\/wp-json\/wp\/v2\/categories?post=4694"},{"taxonomy":"post_tag","embeddable":true,"href":"https:\/\/radiowebmx.com\/nota\/wp-json\/wp\/v2\/tags?post=4694"}],"curies":[{"name":"wp","href":"https:\/\/api.w.org\/{rel}","templated":true}]}}