{"id":4690,"date":"2013-11-25T10:39:44","date_gmt":"2013-11-25T16:39:44","guid":{"rendered":"https:\/\/radiowebmx.com\/nota\/?p=4690"},"modified":"2013-11-25T10:39:44","modified_gmt":"2013-11-25T16:39:44","slug":"inaugura-titular-de-cecytem-obras-en-el-plantel-cahulote-de-turicato","status":"publish","type":"post","link":"https:\/\/radiowebmx.com\/nota\/inaugura-titular-de-cecytem-obras-en-el-plantel-cahulote-de-turicato\/","title":{"rendered":"INAUGURA TITULAR DE CECYTEM OBRAS EN EL PLANTEL CAHULOTE DE TURICATO"},"content":{"rendered":"<p><a href=\"https:\/\/radiowebmx.com\/nota\/wp-content\/uploads\/2013\/11\/Acceso-peatonal-para-los-estudiantes.jpg\"><img loading=\"lazy\" decoding=\"async\" class=\"alignleft size-full wp-image-4691\" alt=\"Acceso peatonal para los estudiantes\" src=\"https:\/\/radiowebmx.com\/nota\/wp-content\/uploads\/2013\/11\/Acceso-peatonal-para-los-estudiantes.jpg\" width=\"591\" height=\"321\" \/><\/a>Al realizar la inauguraci\u00f3n de obras de infraestructura educativa en las instalaciones del Colegio de Estudios Cient\u00edficos y Tecnol\u00f3gicos del Estado de Michoac\u00e1n (CECyTEM), plantel Cahulote de Santa Ana de este municipio, el director general de este subsistema, Manuel Anguiano Cabrera destac\u00f3 la gran participaci\u00f3n social en las obras, lo que es muestra y ejemplo de una verdadera comunicad educativa.<\/p>\n<p>Anguiano Cabrera, acompa\u00f1ado del subsecretario de Educaci\u00f3n Media Superior en la entidad, \u00c1lvaro Estrada Maldonado y del alcalde de Turicato, Salvador Barrera Medrano, inauguraron\u00a0 una aula de ense\u00f1anza, un laboratorio para el \u00e1rea de alimentos, as\u00ed como el \u00a0acceso peatonal al plantel, el cual brinda atenci\u00f3n escolarizada a m\u00e1s de 250 alumnos de la comunidad y de poblaciones vecinas.<\/p>\n<p>El titular del CECyTEM se mostr\u00f3 complacido de poner en funcionamiento obras que van a mejorar sustancialmente la educaci\u00f3n de los j\u00f3venes de este plantel.<\/p>\n<p>\u201cEste es un claro ejemplo de c\u00f3mo debe ser una verdadera comunidad educativa en donde alumnos, padres de familia, docentes y administrativos del CECyTEM cumplen su parte de convicci\u00f3n y profesionalismo, y donde autoridades municipales y estatales refrendan en los hechos la apuesta por una educaci\u00f3n de calidad\u201d, se\u00f1alo.<\/p>\n<p>Recalc\u00f3 la asistencia de los padres de familia y su aporte en el crecimiento de la instituci\u00f3n \u201clos felicito por su gran participaci\u00f3n, esto demuestra una plena conciencia de que quieren un mejor futuro para sus hijos y saben que el mejor camino es a trav\u00e9s de la educaci\u00f3n\u201d, concluy\u00f3.<\/p>\n","protected":false},"excerpt":{"rendered":"<p>Al realizar la inauguraci\u00f3n de obras de infraestructura educativa en las instalaciones del Colegio de Estudios Cient\u00edficos y Tecnol\u00f3gicos del Estado de Michoac\u00e1n (CECyTEM)<\/p>\n","protected":false},"author":1,"featured_media":0,"comment_status":"open","ping_status":"open","sticky":false,"template":"","format":"standard","meta":{"footnotes":""},"categories":[14,3],"tags":[],"class_list":["post-4690","post","type-post","status-publish","format-standard","hentry","category-destacadas","category-gobierno-del-estado-de-michoacan"],"_links":{"self":[{"href":"https:\/\/radiowebmx.com\/nota\/wp-json\/wp\/v2\/posts\/4690","targetHints":{"allow":["GET"]}}],"collection":[{"href":"https:\/\/radiowebmx.com\/nota\/wp-json\/wp\/v2\/posts"}],"about":[{"href":"https:\/\/radiowebmx.com\/nota\/wp-json\/wp\/v2\/types\/post"}],"author":[{"embeddable":true,"href":"https:\/\/radiowebmx.com\/nota\/wp-json\/wp\/v2\/users\/1"}],"replies":[{"embeddable":true,"href":"https:\/\/radiowebmx.com\/nota\/wp-json\/wp\/v2\/comments?post=4690"}],"version-history":[{"count":2,"href":"https:\/\/radiowebmx.com\/nota\/wp-json\/wp\/v2\/posts\/4690\/revisions"}],"predecessor-version":[{"id":4693,"href":"https:\/\/radiowebmx.com\/nota\/wp-json\/wp\/v2\/posts\/4690\/revisions\/4693"}],"wp:attachment":[{"href":"https:\/\/radiowebmx.com\/nota\/wp-json\/wp\/v2\/media?parent=4690"}],"wp:term":[{"taxonomy":"category","embeddable":true,"href":"https:\/\/radiowebmx.com\/nota\/wp-json\/wp\/v2\/categories?post=4690"},{"taxonomy":"post_tag","embeddable":true,"href":"https:\/\/radiowebmx.com\/nota\/wp-json\/wp\/v2\/tags?post=4690"}],"curies":[{"name":"wp","href":"https:\/\/api.w.org\/{rel}","templated":true}]}}