{"id":4686,"date":"2013-11-22T12:07:03","date_gmt":"2013-11-22T18:07:03","guid":{"rendered":"https:\/\/radiowebmx.com\/nota\/?p=4686"},"modified":"2013-11-22T12:07:03","modified_gmt":"2013-11-22T18:07:03","slug":"asiste-fausto-vallejo-a-reunion-de-seguridad-de-la-region-occidente","status":"publish","type":"post","link":"https:\/\/radiowebmx.com\/nota\/asiste-fausto-vallejo-a-reunion-de-seguridad-de-la-region-occidente\/","title":{"rendered":"ASISTE FAUSTO VALLEJO A REUNI\u00d3N DE SEGURIDAD DE LA REGI\u00d3N OCCIDENTE"},"content":{"rendered":"<p><a href=\"https:\/\/radiowebmx.com\/nota\/wp-content\/uploads\/2013\/11\/reuni\u00f3n-Colima-1.jpg\"><img loading=\"lazy\" decoding=\"async\" class=\"alignleft size-full wp-image-4687\" alt=\"reuni\u00f3n Colima (1)\" src=\"https:\/\/radiowebmx.com\/nota\/wp-content\/uploads\/2013\/11\/reuni\u00f3n-Colima-1.jpg\" width=\"591\" height=\"269\" \/><\/a>El gobernador de Michoac\u00e1n, Fausto Vallejo Figueroa, acudi\u00f3 a la convocatoria del secretario de Gobernaci\u00f3n federal, Miguel \u00c1ngel Osorio Chong, quien en esta capital colimense encabez\u00f3 la Reuni\u00f3n de Seguridad con los gobernadores de la Regi\u00f3n Occidente, en que Vallejo Figueroa puso de manifiesto la decisi\u00f3n e inter\u00e9s de su gobierno de continuar colaborando y coordin\u00e1ndose con la federaci\u00f3n y sus hom\u00f3logos de la zona, para dar tranquilidad y progreso a los michoacanos. <b><\/b><\/p>\n<p>En este encuentro, donde de manera especial fue abordado el tema de la seguridad en nuestra entidad, Fausto Vallejo afirm\u00f3 que hoy, la confianza y coordinaci\u00f3n que hay entre los gobiernos federal y estatal, es lo que permite impulsar estrategias y acciones para hacer llegar la paz y desarrollo que requiere Michoac\u00e1n.<\/p>\n<p>En el mismo tenor, el encargado de la pol\u00edtica interna del pa\u00eds, Miguel \u00c1ngel Osorio, quien se hizo acompa\u00f1ar de los secretarios de Defensa Nacional, General Salvador Cienfuegos Zepeda; de la Marina, Almirante Vidal Francisco Sober\u00f3n Sanz; del procurador General de la Rep\u00fablica, Jes\u00fas Murillo Karam y del director del CISEN, Eugenio Imaz Gispert, manifest\u00f3 que es indispensable la estrecha coordinaci\u00f3n entre los diferentes \u00f3rdenes de gobierno, para avanzar y dar resultados a la ciudadan\u00eda en materia de seguridad.<\/p>\n<p>Al mismo tiempo, ratific\u00f3 el compromiso del presidente de la Rep\u00fablica, Enrique Pe\u00f1a Nieto, para devolver la tranquilidad a todos los mexicanos y seguir construyendo un M\u00e9xico en paz.<\/p>\n<p>En esta reuni\u00f3n se analizaron y reconocieron avances en la estrategia en materia de seguridad en la Regi\u00f3n Occidente del pa\u00eds. Se acord\u00f3 continuar la labor coordinada que se tiene hasta ahora y el apoyo de las autoridades federales en las estrategias de seguridad de los gobiernos de los estados.<\/p>\n<p>Los mandatarios estatales part\u00edcipes de este encuentro son Carlos Lozano de la Torre, de Aguascalientes; Arist\u00f3teles Sandoval D\u00edaz, de Jalisco; Roberto Sandoval Casta\u00f1eda, de Nayarit; Miguel Alonso Reyes, de Zacatecas y el anfitri\u00f3n de Colima, Mario Anguiano Moreno.<\/p>\n","protected":false},"excerpt":{"rendered":"<p>El gobernador de Michoac\u00e1n, Fausto Vallejo Figueroa, acudi\u00f3 a la convocatoria del secretario de Gobernaci\u00f3n federal, Miguel \u00c1ngel Osorio Chong, quien en esta capital colimense encabez\u00f3 la Reuni\u00f3n de Seguridad con los gobernadores de la Regi\u00f3n Occidente<\/p>\n","protected":false},"author":1,"featured_media":0,"comment_status":"open","ping_status":"open","sticky":false,"template":"","format":"standard","meta":{"footnotes":""},"categories":[14,3],"tags":[],"class_list":["post-4686","post","type-post","status-publish","format-standard","hentry","category-destacadas","category-gobierno-del-estado-de-michoacan"],"_links":{"self":[{"href":"https:\/\/radiowebmx.com\/nota\/wp-json\/wp\/v2\/posts\/4686","targetHints":{"allow":["GET"]}}],"collection":[{"href":"https:\/\/radiowebmx.com\/nota\/wp-json\/wp\/v2\/posts"}],"about":[{"href":"https:\/\/radiowebmx.com\/nota\/wp-json\/wp\/v2\/types\/post"}],"author":[{"embeddable":true,"href":"https:\/\/radiowebmx.com\/nota\/wp-json\/wp\/v2\/users\/1"}],"replies":[{"embeddable":true,"href":"https:\/\/radiowebmx.com\/nota\/wp-json\/wp\/v2\/comments?post=4686"}],"version-history":[{"count":2,"href":"https:\/\/radiowebmx.com\/nota\/wp-json\/wp\/v2\/posts\/4686\/revisions"}],"predecessor-version":[{"id":4689,"href":"https:\/\/radiowebmx.com\/nota\/wp-json\/wp\/v2\/posts\/4686\/revisions\/4689"}],"wp:attachment":[{"href":"https:\/\/radiowebmx.com\/nota\/wp-json\/wp\/v2\/media?parent=4686"}],"wp:term":[{"taxonomy":"category","embeddable":true,"href":"https:\/\/radiowebmx.com\/nota\/wp-json\/wp\/v2\/categories?post=4686"},{"taxonomy":"post_tag","embeddable":true,"href":"https:\/\/radiowebmx.com\/nota\/wp-json\/wp\/v2\/tags?post=4686"}],"curies":[{"name":"wp","href":"https:\/\/api.w.org\/{rel}","templated":true}]}}