{"id":4683,"date":"2013-11-22T12:01:49","date_gmt":"2013-11-22T18:01:49","guid":{"rendered":"https:\/\/radiowebmx.com\/nota\/?p=4683"},"modified":"2013-11-22T12:01:49","modified_gmt":"2013-11-22T18:01:49","slug":"temas-de-cafe-90","status":"publish","type":"post","link":"https:\/\/radiowebmx.com\/nota\/temas-de-cafe-90\/","title":{"rendered":"TEMAS DE CAF\u00c9"},"content":{"rendered":"<ul>\n<li><a href=\"https:\/\/radiowebmx.com\/nota\/wp-content\/uploads\/2013\/06\/temas-de-cafe.jpg\"><img loading=\"lazy\" decoding=\"async\" class=\"alignleft size-full wp-image-2805\" alt=\"temas de cafe\" src=\"https:\/\/radiowebmx.com\/nota\/wp-content\/uploads\/2013\/06\/temas-de-cafe.jpg\" width=\"295\" height=\"171\" \/><\/a>KENNEDY Y LUIS DONALDO<\/li>\n<li>CARTA DE ELIAS ALVAREZ<\/li>\n<li>COMISION POR MICHOACAN<\/li>\n<li>CAMPEONES EN BRASIL:PIOJO<\/li>\n<\/ul>\n<p>Este d\u00eda se cumplen 50 a\u00f1os de la muerte de John. F. Kennedy, el pol\u00edtico cat\u00f3lico que rompi\u00f3 paradigmas en los Estados Unidos, joven y carism\u00e1tico pol\u00edtico, que la suerte lo llev\u00f3 a los primeros planos, cuando el encargado de su padre para ser presidente, creador de una dinast\u00eda pol\u00edtica en los EU, era su hermano, que muri\u00f3 en la guerra por lo cual, esa responsabilidad, le correspondi\u00f3 a John quien efectivamente, se convirti\u00f3 en presidente en base a oscuros manejos de su padre con la Mafia, total que cuando se intentaba reelegir, fue asesinado y se lo comentamos, porque en M\u00e9xico tuvimos un caso similar, la muerte de Luis Donaldo Colosio, y es que se afirma que las muertes desde el poder, nunca son aclarados.<\/p>\n<p>KENNEDY Y COLOSIO, MUERTES DESDE EL PODER<\/p>\n<p>Ambas muertes est\u00e1n bien estudiadas, de ambas se han hecho libros y pel\u00edculas por lo menos de Colosio dos y ambas de buenas a regulares, all\u00e1 culparon a un radical americano, que repudiaba a los EU, por eso se fue a vivir a Rusia, all\u00e1 se cas\u00f3 pero cuando descubri\u00f3 su error regres\u00f3 a los EU y se enamor\u00f3 de Castro, del cual tambi\u00e9n se hubiera desencantado, si hubiera vivido un poco m\u00e1s o hubiera visitado Cuba, pero no lo dejaron.<\/p>\n<p>All\u00e1 y aqu\u00ed se afirma que las muertes fueron desde el poder, all\u00e1 se comenta participaron tanto el FBI como la CIA, aqu\u00ed desde la presidencia de la rep\u00fablica, porque se afirma que Carlos Salinas de Gortari, es cierto no lo mand\u00f3 matar, pero no la evit\u00f3 porque sab\u00eda que pod\u00eda suceder, en fin son personajes parecidos, ambos ten\u00edan carisma, \u00e1ngel que les hac\u00eda llegar a la gente, ambos mujeriegos y es que el poder permite estas licencias, all\u00e1 en\u00a0 cincuenta a\u00f1os, a\u00fan no est\u00e1 revuelto, en M\u00e9xico cuando se cumplan 50 a\u00f1os, estaremos igual, nadie sabe y nadie supo.<\/p>\n<p>CARTA DE ELIAS ALVAREZ, PUEDE ACLARAR DUDAS<\/p>\n<p>Toda la semana tanto para los comentaristas nacionales como estatales, el tema central de sus comentarios, fue lo aparentemente escribi\u00f3\u00a0 Ciro G\u00f3mez Leyva, el cual\u00a0 es un respetado comentarista del diario Milenio, quien coment\u00f3 en tres entregas sobre dos supuestas reuniones, de varios personajes de la pol\u00edtica estatal, con los jefes de los grupos delincuenciales de Michoac\u00e1n, desde luego\u00a0 llamaron mucho la atenci\u00f3n, y m\u00e1s llam\u00f3 la atenci\u00f3n el silencio de Jes\u00fas Reyna, uno de los involucrados, ante esto Fausto Vallejo en todo momento, respald\u00f3 a su secretario de gobierno, nunca le retir\u00f3 la confianza.<\/p>\n<p>Ayer se dio a conocer la carta fechada el 20 de noviembre, de El\u00edas Alvarez \u00a0Hern\u00e1ndez, a Jes\u00fas Reyna,\u00a0 en la cual el ex secretario de seguridad del gobierno de Michoac\u00e1n, le comenta que\u00a0 ha le\u00eddo los comentarios de Ciro G\u00f3mez Leyva en Milenio, referente a un informe que \u00e9l habr\u00eda recibido, referente a una investigaci\u00f3n, afirma enf\u00e1ticamente que es su decisi\u00f3n decirle,\u00a0 que en ning\u00fan momento recibi\u00f3 reporte o\u00a0 informaci\u00f3n alguna por escrito ni verbal, donde se se\u00f1alen reuniones con organizaciones de la delincuencia, en la que Jes\u00fas hubiera participado.<\/p>\n<p>En cuanto a la persona que se refiere el comentario de Ciro, laboraba en la Secretar\u00eda de Seguridad P\u00fablica, antes de su llegada y lo reacomod\u00f3\u00a0 exclusivamente, en el servicio de su escolta y no tuvo otra funci\u00f3n, o responsabilidad dentro de la dependencia, y finalmente El\u00edas le reitera su disposici\u00f3n de\u00a0 ratificar lo se\u00f1alado, en el momento que sea y ante la autoridad que sea necesario, y El\u00edas firma el documento. Como fueron varios d\u00edas que se dej\u00f3 correr el comentario y no se dijo nada, tal vez haya personas que duden y est\u00e1n en su derecho, pero la cuesti\u00f3n es como se la comentamos. Usted debe sacar sus conclusiones.<\/p>\n<p>COMISION DEL SENADO, ANALIZARA EL CASO MICHOACAN<\/p>\n<p>Tanto el dirigente nacional del PAN, Gustavo Madero como el coordinador de la bancada panista en el Senado, Jorge Luis Preciado volvieron a tocar el tema, de la desaparici\u00f3n de poderes, para Gustavo Madero Michoac\u00e1n se encuentra sin poderes, desde hace un buen momento, por lo cual apoya a su coordinador en el Senado, el colimense Preciado, quien dioa conocer\u00a0 presentar\u00e1n una propuesta al Senado, para\u00a0 reformar la ley, y\u00a0 permitir enfrentar el caso de Michoac\u00e1n.<\/p>\n<p>La reforma a la Constituci\u00f3n permitir\u00e1 dijo Jorge Luis, la desaparici\u00f3n de poderes pero en lugar de designar, a\u00a0 un gobernador interino lo que se har\u00e1, es designar una junta de gobierno, que se encargue de enfrentar y superar, la situaci\u00f3n an\u00f3mala \u00a0y una vez que se haya restituido el clima de tranquilidad, se podr\u00e1 convocar a elecciones generales, aparte ha creado una comisi\u00f3n que se encargar\u00e1 de analizara fondo la situaci\u00f3n en Michoac\u00e1n, esta integrada por Gil Zuarth, Ruffo Appel\u00a0 y Javier Lozano entre otros.<\/p>\n<p>UN ESCENARIO QUESE MANEJA AQUI YALLA<\/p>\n<p>De seguir la situaci\u00f3n como se encuentra hoy y peor, se analiza la posibilidad, de que sin reformas a la Constituci\u00f3n, una vez que se cumplan los dos a\u00f1os de la actual administraci\u00f3n, designar un gobernador interino, que bien podr\u00eda ser el senador michoacano J. Ascenci\u00f3n Orihuela\u00a0 B\u00e1rcenas, quien terminar\u00eda la administraci\u00f3n, deber\u00e1 poner orden, y continuar con la administraci\u00f3n y m\u00e1s tarde se tendr\u00eda que realizar el proceso electoral, y as\u00ed en este caso el senador concluir\u00eda su responsabilidad, y regresar\u00eda al Senado, para terminar su periodo en un esca\u00f1o c\u00f3modo.<\/p>\n<p>LA SOLUCION ES NUESTRA A VENDRA DEL CENTRO<\/p>\n<p>Usted sabe que hay un retroceso en el Federalismo mexicano, principalmente porque los estados han abusado en todos los sentidos, mediante el Federalismo se les entregaron responsabilidades a los gobernadores estatales, pero abusaron y ahora se regresa al centralismo, donde todas las decisiones importantes ven\u00edan del centro, antes se dec\u00eda y se aceptaba que los diputados federales, los senadores y gobernadores, eran del centro, igual era con los delegados federales, eran enviados del centro.<\/p>\n<p>Dentro de este\u00a0 proceso de centralizaci\u00f3n, no es descabellado pensar, que si no nos ponemos de acuerdo aqu\u00ed, entre nosotros mismos, la soluci\u00f3n\u00a0 podr\u00eda venir del centro, nos guste o no nos guste si seguimos peleando, discutiendo y confront\u00e1ndonos, el Centro retomar\u00e1 facultades del pasado y pondr\u00e1 orden como lo saben hacer. \u00bfLa verdad eso queremos?. Parafraseando a Ocampo: es hablando y no peleando como debemos entendernos. Si hoy, Fausto y Jes\u00fas tienen el poder, pero no el\u00a0 control.<\/p>\n<p>MIGUEL ANGEL, FIDEL Y ALFONSO: NO HAY CONDICIONES<\/p>\n<p>La verdad\u00a0 ya no sabemos si es deseo o realidad, lo declarado por el dirigente estatal del PAN, Miguel Angel Ch\u00e1vez, Fidel Calder\u00f3n y Alfonso Mart\u00ednez, de que no hay condiciones para la desaparici\u00f3n de poderes, y de acuerdo a la Constituci\u00f3n Mexicana a\u00fan no se presentan las condiciones, pero en cuestiones pol\u00edticas la verdad puede ser que si, antes de reglamentar la desaparici\u00f3n de poderes, no se ha presentado ni un caso, pero antes, cada presidente derribaba cuatro, cinco y hasta seis gobernadores en su sexenio, hasta antes de la reglamentaci\u00f3n en Michoac\u00e1n ya hubieran desaparecido dos tres veces los poderes.<\/p>\n<p>PARA REIR Y LEVANTARLE EL ANIMO. VA UNA DEL PIOJO<\/p>\n<p>Crecido porque logr\u00f3 la clasificaci\u00f3n de panzazo al mundial de futbol\u00a0 de Brasil, el Piojo Herrera\u00a0 que no es mal entrenador, ni tampoco es la gran maravilla, pero como persona a veces es abominable, dijo que la selecci\u00f3n mexicana ir\u00e1 a Brasil por el campeonato mundial de futbol, que de otra manera no aceptar\u00eda convertirse en entrenador de la selecci\u00f3n de M\u00e9xico, y es que hoy todo mundo est\u00e1 contento, porque el se\u00f1or Herrera con el equipo Am\u00e9rica reforzado por cuatro jugadores, dos del Le\u00f3n y tres del Santos, le gan\u00f3 a unos entumidos y honestos jugadores de Nueva Zelanda.<\/p>\n<p>FUE IRIS VIENEY, QUIEN ARREGLO EL ARRIBO AL SENADO<\/p>\n<p>La senadora michoacana Iris Vianey Mendoza, acept\u00f3 que fue ella quien arregl\u00f3 el arribo, de los grupos empresariales de Apatzing\u00e1n, que pidieron presentar su caso ante la comisi\u00f3n de seguridad del senado, se presentaron como integrantes de la sociedad civil, y si no estuvo en la reuni\u00f3n dijo, fue por tener otras ocupaciones, pero lo volver\u00eda a hacer, porque dijo ese es su trabajo atender a los michoacanos. El grupo estuvo encabezado por Tito Fern\u00e1ndez, y los recibi\u00f3 el presidente de la comisi\u00f3n de seguridad, y estuvieron en esa reuni\u00f3n Ra\u00fal Mor\u00f3n, Luisa Mar\u00eda y Roc\u00edo Pineda Gochi.<\/p>\n","protected":false},"excerpt":{"rendered":"<p>\u2022\tKENNEDY Y LUIS DONALDO<br \/>\n\u2022\tCARTA DE ELIAS ALVAREZ<br \/>\n\u2022\tCOMISION POR MICHOACAN<br \/>\n\u2022\tCAMPEONES EN BRASIL:PIOJO<\/p>\n","protected":false},"author":1,"featured_media":0,"comment_status":"open","ping_status":"open","sticky":false,"template":"","format":"standard","meta":{"footnotes":""},"categories":[4,14,10],"tags":[],"class_list":["post-4683","post","type-post","status-publish","format-standard","hentry","category-columnistas","category-destacadas","category-juan-manuel-belmonte"],"_links":{"self":[{"href":"https:\/\/radiowebmx.com\/nota\/wp-json\/wp\/v2\/posts\/4683","targetHints":{"allow":["GET"]}}],"collection":[{"href":"https:\/\/radiowebmx.com\/nota\/wp-json\/wp\/v2\/posts"}],"about":[{"href":"https:\/\/radiowebmx.com\/nota\/wp-json\/wp\/v2\/types\/post"}],"author":[{"embeddable":true,"href":"https:\/\/radiowebmx.com\/nota\/wp-json\/wp\/v2\/users\/1"}],"replies":[{"embeddable":true,"href":"https:\/\/radiowebmx.com\/nota\/wp-json\/wp\/v2\/comments?post=4683"}],"version-history":[{"count":2,"href":"https:\/\/radiowebmx.com\/nota\/wp-json\/wp\/v2\/posts\/4683\/revisions"}],"predecessor-version":[{"id":4685,"href":"https:\/\/radiowebmx.com\/nota\/wp-json\/wp\/v2\/posts\/4683\/revisions\/4685"}],"wp:attachment":[{"href":"https:\/\/radiowebmx.com\/nota\/wp-json\/wp\/v2\/media?parent=4683"}],"wp:term":[{"taxonomy":"category","embeddable":true,"href":"https:\/\/radiowebmx.com\/nota\/wp-json\/wp\/v2\/categories?post=4683"},{"taxonomy":"post_tag","embeddable":true,"href":"https:\/\/radiowebmx.com\/nota\/wp-json\/wp\/v2\/tags?post=4683"}],"curies":[{"name":"wp","href":"https:\/\/api.w.org\/{rel}","templated":true}]}}