{"id":4680,"date":"2013-11-22T11:59:27","date_gmt":"2013-11-22T17:59:27","guid":{"rendered":"https:\/\/radiowebmx.com\/nota\/?p=4680"},"modified":"2013-11-22T11:59:27","modified_gmt":"2013-11-22T17:59:27","slug":"inauguran-exposicion-y-muestra-artesanal-en-la-plaza-valladolid","status":"publish","type":"post","link":"https:\/\/radiowebmx.com\/nota\/inauguran-exposicion-y-muestra-artesanal-en-la-plaza-valladolid\/","title":{"rendered":"INAUGURAN EXPOSICI\u00d3N Y MUESTRA ARTESANAL EN LA PLAZA VALLADOLID"},"content":{"rendered":"<p><a href=\"https:\/\/radiowebmx.com\/nota\/wp-content\/uploads\/2013\/11\/fmtc1.jpg\"><img loading=\"lazy\" decoding=\"async\" class=\"alignleft size-full wp-image-4681\" alt=\"fmtc1\" src=\"https:\/\/radiowebmx.com\/nota\/wp-content\/uploads\/2013\/11\/fmtc1.jpg\" width=\"591\" height=\"279\" \/><\/a>En el marco de la Feria Mundial de Turismo Cultural 2013, el Gobierno del Estado de Michoac\u00e1n, a trav\u00e9s de la Casa de las Artesan\u00edas (Casart), en coordinaci\u00f3n<b> <\/b>con<b> <\/b>el Fondo Nacional para el Fomento de las Artesan\u00edas (Fonart),<b> <\/b>y la Secretar\u00eda de Turismo (Sectur), realizar\u00e1n del 21 al 24 de noviembre del presente a\u00f1o, la exposici\u00f3n y muestra artesanal en la Plaza Valladolid, con la participaci\u00f3n de 98 artesanos nacionales y extranjeros.<\/p>\n<p>&nbsp;<\/p>\n<p>Durante la ceremonia de inauguraci\u00f3n, Carlos Joaqu\u00edn Gonz\u00e1lez, subsecretario Federal de Turismo mencion\u00f3 que adem\u00e1s de comprar la artesan\u00eda de los art\u00edfices de los diferentes estados y pa\u00edses, tambi\u00e9n los asistentes deben valorar el trabajo que le dedicaron a esa pieza, que la hace autentica porque ese tiempo es invaluable.<\/p>\n<p>&nbsp;<\/p>\n<p>En el mismo sentido, el director de la Casart, Rafael Paz Vega, invit\u00f3 a todos los presentes y al p\u00fablico en general, a visitar esta muestra artesanal y adquirir alguna de las maravillosas piezas que las manos m\u00e1gicas de los grandes artistas michoacanos elaboran.<\/p>\n<p>&nbsp;<\/p>\n<p>Por su parte, Valent\u00edn Guillermo Cruz Garc\u00eda, director Comercial de Fonart, se\u00f1al\u00f3 que el arte popular que se puede admirar en las piezas que elaboran todos los artesanos nacionales y extranjeros, son hermosas y su precio invaluable, ya que detr\u00e1s de \u00e9sta, hay muchas horas de trabajo.<\/p>\n<p>&nbsp;<\/p>\n<p>Carlos Garc\u00eda Delgado, director de Turismo Municipal, dio la bienvenida a todos los asistentes a la cuarta edici\u00f3n de la Feria Mundial de Turismo Cultural 2013, en representaci\u00f3n del presidente municipal de Morelia, Wilfrido L\u00e1zaro Medina.<\/p>\n<p>&nbsp;<\/p>\n<p>En la muestra artesanal participan 62 artistas michoacanos de 32 comunidades, en las ramas de: alfarer\u00eda, madera tallada, textiles, guitarras, vidrio soplado, muebles, madera, fibras vegetales, entre otros.<\/p>\n<p>&nbsp;<\/p>\n<p>Los estados invitados que est\u00e1n participando son: Puebla, Guerrero, Zacatecas, Quer\u00e9taro, Estado de M\u00e9xico, Guanajuato, Tlaxcala, Hidalgo, Puebla, Colima, San Luis Potos\u00ed, Aguascalientes, Oaxaca, Chiapas y Jalisco, con 28 artesanos.<\/p>\n<p>Asimismo, 8 artesanos de los pa\u00edses de Bolivia, Ecuador, Indonesia, Senegal, Paraguay, Per\u00fa, Uruguay y Argentina, mostrar\u00e1n a todos los visitantes a esta plaza, las creaciones que elaboran y que tendr\u00e1n en venta, hasta el pr\u00f3ximo domingo 24 de noviembre, en horario de 10:00 a 20:00 horas.<\/p>\n<p>&nbsp;<\/p>\n<p>Estuvieron presentes; Alejandra de la Paz N\u00e1jera, Coordinadora Nacional de Patrimonio Cultural y Turismo de Conaculta; Carlos \u00c1vila Pedraza, subsecretario de Desarrollo Tur\u00edstico de Michoac\u00e1n; Leticia G\u00e1lvez, subsecretaria de Promoci\u00f3n Tur\u00edstica del Estado; Marco Trejo Pureco, diputado y Presidente de la Comisi\u00f3n de Turismo del Congreso del Estado, y Ra\u00fal Olmos Torres, director de Promoci\u00f3n y Vinculaci\u00f3n Cultural de la Secretar\u00eda de Cultura del Estado.<\/p>\n","protected":false},"excerpt":{"rendered":"<p>En el marco de la Feria Mundial de Turismo Cultural 2013, el Gobierno del Estado de Michoac\u00e1n, a trav\u00e9s de la Casa de las Artesan\u00edas (Casart), en coordinaci\u00f3n con el Fondo Nacional para el Fomento de las Artesan\u00edas (Fonart), y la Secretar\u00eda de Turismo (Sectur), realizar\u00e1n del 21 al 24 de noviembre del presente a\u00f1o<\/p>\n","protected":false},"author":1,"featured_media":0,"comment_status":"open","ping_status":"open","sticky":false,"template":"","format":"standard","meta":{"footnotes":""},"categories":[14,3],"tags":[],"class_list":["post-4680","post","type-post","status-publish","format-standard","hentry","category-destacadas","category-gobierno-del-estado-de-michoacan"],"_links":{"self":[{"href":"https:\/\/radiowebmx.com\/nota\/wp-json\/wp\/v2\/posts\/4680","targetHints":{"allow":["GET"]}}],"collection":[{"href":"https:\/\/radiowebmx.com\/nota\/wp-json\/wp\/v2\/posts"}],"about":[{"href":"https:\/\/radiowebmx.com\/nota\/wp-json\/wp\/v2\/types\/post"}],"author":[{"embeddable":true,"href":"https:\/\/radiowebmx.com\/nota\/wp-json\/wp\/v2\/users\/1"}],"replies":[{"embeddable":true,"href":"https:\/\/radiowebmx.com\/nota\/wp-json\/wp\/v2\/comments?post=4680"}],"version-history":[{"count":1,"href":"https:\/\/radiowebmx.com\/nota\/wp-json\/wp\/v2\/posts\/4680\/revisions"}],"predecessor-version":[{"id":4682,"href":"https:\/\/radiowebmx.com\/nota\/wp-json\/wp\/v2\/posts\/4680\/revisions\/4682"}],"wp:attachment":[{"href":"https:\/\/radiowebmx.com\/nota\/wp-json\/wp\/v2\/media?parent=4680"}],"wp:term":[{"taxonomy":"category","embeddable":true,"href":"https:\/\/radiowebmx.com\/nota\/wp-json\/wp\/v2\/categories?post=4680"},{"taxonomy":"post_tag","embeddable":true,"href":"https:\/\/radiowebmx.com\/nota\/wp-json\/wp\/v2\/tags?post=4680"}],"curies":[{"name":"wp","href":"https:\/\/api.w.org\/{rel}","templated":true}]}}