{"id":4677,"date":"2013-11-22T11:56:51","date_gmt":"2013-11-22T17:56:51","guid":{"rendered":"https:\/\/radiowebmx.com\/nota\/?p=4677"},"modified":"2013-11-22T11:56:51","modified_gmt":"2013-11-22T17:56:51","slug":"planeacion-turistica-sera-a-partir-de-las-agendas-de-competitividad-turistica-sectur","status":"publish","type":"post","link":"https:\/\/radiowebmx.com\/nota\/planeacion-turistica-sera-a-partir-de-las-agendas-de-competitividad-turistica-sectur\/","title":{"rendered":"PLANEACI\u00d3N TUR\u00cdSTICA SER\u00c1 A PARTIR DE LAS AGENDAS DE COMPETITIVIDAD TUR\u00cdSTICA: SECTUR"},"content":{"rendered":"<p><a href=\"https:\/\/radiowebmx.com\/nota\/wp-content\/uploads\/2013\/11\/3.jpg\"><img loading=\"lazy\" decoding=\"async\" class=\"alignleft size-full wp-image-4678\" alt=\"3\" src=\"https:\/\/radiowebmx.com\/nota\/wp-content\/uploads\/2013\/11\/3.jpg\" width=\"591\" height=\"285\" \/><\/a>Antes de concluir el a\u00f1o se espera contar con las Agendas de Competitividad Tur\u00edstica de cada destino y a partir de ellas seleccionar qu\u00e9 productos fortalecer e impulsar en todo el pa\u00eds: construir la planeaci\u00f3n tur\u00edstica de M\u00e9xico, anunci\u00f3 la secretaria Federal de Turismo, Claudia Ruiz Massieu Salinas, en el marco del Congreso de Investigaci\u00f3n Tur\u00edstica Aplicada al Turismo 2013, que se lleva a cabo en el Instituto Tecnol\u00f3gico de Monterrey Campus Morelia.<\/p>\n<p>&nbsp;<\/p>\n<p>En el evento, donde la innovaci\u00f3n fue el tema recurrente, Ruiz Massieu destac\u00f3 el trabajo que lidera la propia Sectur para la integraci\u00f3n de Agendas de Competitividad por destino: una labor que \u201cse ha convertido en un hito en la historia de la planeaci\u00f3n en M\u00e9xico\u201d y que ha movido a m\u00e1s de 500 investigadores a lo largo y ancho del pa\u00eds.<\/p>\n<p>&nbsp;<\/p>\n<p>Coincidi\u00f3 con los participantes en el Congreso, que la innovaci\u00f3n y educaci\u00f3n, constituyen elementos fundamentales para detener la p\u00e9rdida de competitividad tur\u00edstica que enfrenta M\u00e9xico.<\/p>\n<p>&nbsp;<\/p>\n<p>Por otra parte, con la representaci\u00f3n del gobernador del estado, Fausto Vallejo Figueroa, el secretario de Turismo de Michoac\u00e1n, Roberto Monroy Garc\u00eda solicit\u00f3 al director general del Centro de Estudios Superiores de Turismo (Cestur), Enrique Bertolucci Blanco, impulsar la creaci\u00f3n de un sistema de informaci\u00f3n donde se publiquen los resultados generados a trav\u00e9s de foros como el Congreso en cuesti\u00f3n, para tener informaci\u00f3n fresca que permita una mejor toma de decisiones y para alinear la estrategia nacional y de los Estados tur\u00edsticos del pa\u00eds.<\/p>\n<p>&nbsp;<\/p>\n<p>A su vez el director general del Cestur, Enrique Bertolucci Blanco, identific\u00f3 la p\u00e9rdida de competitividad como resultado de la brecha entre el ritmo del cambio y rumbo de la sociedad con respecto a la capacidad del sector para innovar a fin de responder a las nuevas tendencias, gustos y demandas del p\u00fablico.<\/p>\n<p>&nbsp;<\/p>\n<p>El Director del ITESM campus Morelia, Iv\u00e1n Castorena Calvillo, destac\u00f3 a su vez que el fin de la industria tur\u00edstica debe ser la generaci\u00f3n de bienestar para la ciudadan\u00eda y esa es la contribuci\u00f3n del foro.<\/p>\n<p>&nbsp;<\/p>\n<p>El Congreso de Investigaci\u00f3n Tur\u00edstica Aplicada 2013, es organizado por la Secretar\u00eda Federal de Turismo y tiene por objeto mantener y promover un foro de encuentro con la comunidad acad\u00e9mica nacional e internacional que realiza investigaci\u00f3n sobre el sector y as\u00ed propiciar un intercambio de conocimientos, experiencias y metodolog\u00ed<\/p>\n","protected":false},"excerpt":{"rendered":"<p>Antes de concluir el a\u00f1o se espera contar con las Agendas de Competitividad Tur\u00edstica de cada destino y a partir de ellas seleccionar qu\u00e9 productos fortalecer e impulsar en todo el pa\u00eds: construir la planeaci\u00f3n tur\u00edstica de M\u00e9xico, anunci\u00f3 la secretaria Federal de Turismo, <\/p>\n","protected":false},"author":1,"featured_media":0,"comment_status":"open","ping_status":"open","sticky":false,"template":"","format":"standard","meta":{"footnotes":""},"categories":[14,3],"tags":[],"class_list":["post-4677","post","type-post","status-publish","format-standard","hentry","category-destacadas","category-gobierno-del-estado-de-michoacan"],"_links":{"self":[{"href":"https:\/\/radiowebmx.com\/nota\/wp-json\/wp\/v2\/posts\/4677","targetHints":{"allow":["GET"]}}],"collection":[{"href":"https:\/\/radiowebmx.com\/nota\/wp-json\/wp\/v2\/posts"}],"about":[{"href":"https:\/\/radiowebmx.com\/nota\/wp-json\/wp\/v2\/types\/post"}],"author":[{"embeddable":true,"href":"https:\/\/radiowebmx.com\/nota\/wp-json\/wp\/v2\/users\/1"}],"replies":[{"embeddable":true,"href":"https:\/\/radiowebmx.com\/nota\/wp-json\/wp\/v2\/comments?post=4677"}],"version-history":[{"count":1,"href":"https:\/\/radiowebmx.com\/nota\/wp-json\/wp\/v2\/posts\/4677\/revisions"}],"predecessor-version":[{"id":4679,"href":"https:\/\/radiowebmx.com\/nota\/wp-json\/wp\/v2\/posts\/4677\/revisions\/4679"}],"wp:attachment":[{"href":"https:\/\/radiowebmx.com\/nota\/wp-json\/wp\/v2\/media?parent=4677"}],"wp:term":[{"taxonomy":"category","embeddable":true,"href":"https:\/\/radiowebmx.com\/nota\/wp-json\/wp\/v2\/categories?post=4677"},{"taxonomy":"post_tag","embeddable":true,"href":"https:\/\/radiowebmx.com\/nota\/wp-json\/wp\/v2\/tags?post=4677"}],"curies":[{"name":"wp","href":"https:\/\/api.w.org\/{rel}","templated":true}]}}