{"id":4673,"date":"2013-11-22T11:44:05","date_gmt":"2013-11-22T17:44:05","guid":{"rendered":"https:\/\/radiowebmx.com\/nota\/?p=4673"},"modified":"2013-11-22T11:44:05","modified_gmt":"2013-11-22T17:44:05","slug":"firma-convenio-de-colaboracion-la-univim-y-el-ayuntamiento-de-quiroga","status":"publish","type":"post","link":"https:\/\/radiowebmx.com\/nota\/firma-convenio-de-colaboracion-la-univim-y-el-ayuntamiento-de-quiroga\/","title":{"rendered":"FIRMA CONVENIO DE COLABORACI\u00d3N LA UNIVIM Y EL AYUNTAMIENTO DE QUIROGA"},"content":{"rendered":"<p><a href=\"https:\/\/radiowebmx.com\/nota\/wp-content\/uploads\/2013\/11\/DSC024621.jpg\"><img loading=\"lazy\" decoding=\"async\" class=\"alignleft size-full wp-image-4674\" alt=\"DSC02462[1]\" src=\"https:\/\/radiowebmx.com\/nota\/wp-content\/uploads\/2013\/11\/DSC024621.jpg\" width=\"591\" height=\"288\" \/><\/a>Con el objetivo de acercar a los j\u00f3venes michoacanos m\u00e1s opciones para que contin\u00faen sus estudios de nivel superior, el rector de la Universidad Virtual del Estado de Michoac\u00e1n (UNIVIM), Juan Manuel Ayala Jacobo, firm\u00f3 un convenio de colaboraci\u00f3n con el Ayuntamiento de Quiroga, que encabeza el edil Jaime Baltazar Mor\u00e1n, para abrir en este municipio una extensi\u00f3n universitaria.<\/p>\n<p>&nbsp;<\/p>\n<p>Durante el evento realizado en las instalaciones del Colegio de Bachilleres de esta localidad, el rector de la UNIVIM invit\u00f3 a los j\u00f3venes de bachillerato a que tomen en cuenta a la instituci\u00f3n educativa que encabeza como opci\u00f3n para que contin\u00faen sus estudios profesionales, ya que \u00e9sta es una casa de estudios gratuita que ofrece licenciaturas de vanguardia.<\/p>\n<p>&nbsp;<\/p>\n<p>Destac\u00f3 que gracias a este convenio el municipio de Quiroga contar\u00e1 con una Unidad Virtual de Extensi\u00f3n Universitaria (UVEU), la cual se encontrar\u00e1 ubicada en la Casa de la Cultura.<\/p>\n<p>&nbsp;<\/p>\n<p>\u201cEs a trav\u00e9s de la educaci\u00f3n como se puede mejorar la calidad de vida y lograr el desarrollo del estado\u201d, agreg\u00f3.<\/p>\n<p>&nbsp;<\/p>\n<p>Por su parte, el alcalde de Quiroga expres\u00f3 que la firma de este convenio representa una oportunidad para que los j\u00f3venes puedan acceder a las nuevas tecnolog\u00edas y as\u00ed tener una educaci\u00f3n de nivel superior.<\/p>\n<p><b>\u00a0<\/b><\/p>\n<p>Asimismo, mencion\u00f3 que el regidor de Educaci\u00f3n del Ayuntamiento, Francisco Javier Alan\u00eds Sol\u00eds, ser\u00e1 quien fungir\u00e1 como asesor de esta nueva Unidad Virtual de Extensi\u00f3n Universitaria.<\/p>\n<p>&nbsp;<\/p>\n<p>Estuvieron presentes, Mario Rey Torres Morales, director de Planeaci\u00f3n y Vinculaci\u00f3n de la UNIVIM; Mar\u00eda de la Salud Rodr\u00edguez Garc\u00eda, directora del Colegio de Bachilleres Plantel Quiroga; Diego Anita Guti\u00e9rrez, secretario del Ayuntamiento, y Humberto Calder\u00f3n Barriga, s\u00edndico municipal.<\/p>\n<p>&nbsp;<\/p>\n<p>&nbsp;<\/p>\n<p>&nbsp;<\/p>\n","protected":false},"excerpt":{"rendered":"<p>Con el objetivo de acercar a los j\u00f3venes michoacanos m\u00e1s opciones para que contin\u00faen sus estudios de nivel superior, el rector de la Universidad Virtual del Estado de Michoac\u00e1n (UNIVIM), Juan Manuel Ayala Jacobo, firm\u00f3 un convenio de colaboraci\u00f3n con el Ayuntamiento de Quiroga, que encabeza el edil Jaime Baltazar Mor\u00e1n, para abrir en este municipio una extensi\u00f3n universitaria<\/p>\n","protected":false},"author":1,"featured_media":0,"comment_status":"open","ping_status":"open","sticky":false,"template":"","format":"standard","meta":{"footnotes":""},"categories":[14,3],"tags":[],"class_list":["post-4673","post","type-post","status-publish","format-standard","hentry","category-destacadas","category-gobierno-del-estado-de-michoacan"],"_links":{"self":[{"href":"https:\/\/radiowebmx.com\/nota\/wp-json\/wp\/v2\/posts\/4673","targetHints":{"allow":["GET"]}}],"collection":[{"href":"https:\/\/radiowebmx.com\/nota\/wp-json\/wp\/v2\/posts"}],"about":[{"href":"https:\/\/radiowebmx.com\/nota\/wp-json\/wp\/v2\/types\/post"}],"author":[{"embeddable":true,"href":"https:\/\/radiowebmx.com\/nota\/wp-json\/wp\/v2\/users\/1"}],"replies":[{"embeddable":true,"href":"https:\/\/radiowebmx.com\/nota\/wp-json\/wp\/v2\/comments?post=4673"}],"version-history":[{"count":2,"href":"https:\/\/radiowebmx.com\/nota\/wp-json\/wp\/v2\/posts\/4673\/revisions"}],"predecessor-version":[{"id":4676,"href":"https:\/\/radiowebmx.com\/nota\/wp-json\/wp\/v2\/posts\/4673\/revisions\/4676"}],"wp:attachment":[{"href":"https:\/\/radiowebmx.com\/nota\/wp-json\/wp\/v2\/media?parent=4673"}],"wp:term":[{"taxonomy":"category","embeddable":true,"href":"https:\/\/radiowebmx.com\/nota\/wp-json\/wp\/v2\/categories?post=4673"},{"taxonomy":"post_tag","embeddable":true,"href":"https:\/\/radiowebmx.com\/nota\/wp-json\/wp\/v2\/tags?post=4673"}],"curies":[{"name":"wp","href":"https:\/\/api.w.org\/{rel}","templated":true}]}}