{"id":4669,"date":"2013-11-22T11:36:33","date_gmt":"2013-11-22T17:36:33","guid":{"rendered":"https:\/\/radiowebmx.com\/nota\/?p=4669"},"modified":"2013-11-22T11:36:33","modified_gmt":"2013-11-22T17:36:33","slug":"inauguran-congreso-de-investigacion-turistica-aplicada%e2%80%8f","status":"publish","type":"post","link":"https:\/\/radiowebmx.com\/nota\/inauguran-congreso-de-investigacion-turistica-aplicada%e2%80%8f\/","title":{"rendered":"Inauguran Congreso de Investigaci\u00f3n Tur\u00edstica Aplicada\u200f"},"content":{"rendered":"<p><a href=\"https:\/\/radiowebmx.com\/nota\/wp-content\/uploads\/2013\/11\/DSC_5024.jpg\"><img loading=\"lazy\" decoding=\"async\" class=\"alignleft size-full wp-image-4670\" alt=\"DSC_5024\" src=\"https:\/\/radiowebmx.com\/nota\/wp-content\/uploads\/2013\/11\/DSC_5024.jpg\" width=\"591\" height=\"296\" \/><\/a>Como parte de su gira de trabajo por Michoac\u00e1n, la secretaria de Turismo federal, Claudia Ruiz Massieu Salinas, acompa\u00f1ada del titular de la Sectur estatal, \u00a0Roberto Monroy Garc\u00eda, asisti\u00f3 al Congreso de Investigaci\u00f3n Tur\u00edstica Aplicada 2013, que tiene como objetivo mantener un foro de encuentro con la comunidad acad\u00e9mica nacional e internacional, para proponer soluciones a problem\u00e1ticas de este sector.\u00a0Tambi\u00e9n estuvieron presentes Ernesto Bartolucci Blanco, director general del Centro de Estudios Superiores en Turismo; e Iv\u00e1n Castorena Calvillo, director del Tecnol\u00f3gico de Monterrey campus Morelia, sede del Congreso.<\/p>\n","protected":false},"excerpt":{"rendered":"<p>Como parte de su gira de trabajo por Michoac\u00e1n, la secretaria de Turismo federal, Claudia Ruiz Massieu Salinas, acompa\u00f1ada del titular de la Sectur estatal,  Roberto Monroy Garc\u00eda, asisti\u00f3 al Congreso de Investigaci\u00f3n Tur\u00edstica Aplicada 2013,<\/p>\n","protected":false},"author":1,"featured_media":0,"comment_status":"open","ping_status":"open","sticky":false,"template":"","format":"standard","meta":{"footnotes":""},"categories":[14,3],"tags":[],"class_list":["post-4669","post","type-post","status-publish","format-standard","hentry","category-destacadas","category-gobierno-del-estado-de-michoacan"],"_links":{"self":[{"href":"https:\/\/radiowebmx.com\/nota\/wp-json\/wp\/v2\/posts\/4669","targetHints":{"allow":["GET"]}}],"collection":[{"href":"https:\/\/radiowebmx.com\/nota\/wp-json\/wp\/v2\/posts"}],"about":[{"href":"https:\/\/radiowebmx.com\/nota\/wp-json\/wp\/v2\/types\/post"}],"author":[{"embeddable":true,"href":"https:\/\/radiowebmx.com\/nota\/wp-json\/wp\/v2\/users\/1"}],"replies":[{"embeddable":true,"href":"https:\/\/radiowebmx.com\/nota\/wp-json\/wp\/v2\/comments?post=4669"}],"version-history":[{"count":2,"href":"https:\/\/radiowebmx.com\/nota\/wp-json\/wp\/v2\/posts\/4669\/revisions"}],"predecessor-version":[{"id":4672,"href":"https:\/\/radiowebmx.com\/nota\/wp-json\/wp\/v2\/posts\/4669\/revisions\/4672"}],"wp:attachment":[{"href":"https:\/\/radiowebmx.com\/nota\/wp-json\/wp\/v2\/media?parent=4669"}],"wp:term":[{"taxonomy":"category","embeddable":true,"href":"https:\/\/radiowebmx.com\/nota\/wp-json\/wp\/v2\/categories?post=4669"},{"taxonomy":"post_tag","embeddable":true,"href":"https:\/\/radiowebmx.com\/nota\/wp-json\/wp\/v2\/tags?post=4669"}],"curies":[{"name":"wp","href":"https:\/\/api.w.org\/{rel}","templated":true}]}}