{"id":4665,"date":"2013-11-22T11:33:30","date_gmt":"2013-11-22T17:33:30","guid":{"rendered":"https:\/\/radiowebmx.com\/nota\/?p=4665"},"modified":"2013-11-22T11:33:30","modified_gmt":"2013-11-22T17:33:30","slug":"realizan-primer-foro-de-atencion-ciudadana","status":"publish","type":"post","link":"https:\/\/radiowebmx.com\/nota\/realizan-primer-foro-de-atencion-ciudadana\/","title":{"rendered":"REALIZAN PRIMER FORO DE ATENCI\u00d3N CIUDADANA"},"content":{"rendered":"<p><a href=\"https:\/\/radiowebmx.com\/nota\/wp-content\/uploads\/2013\/11\/DSC_9840.jpg\"><img loading=\"lazy\" decoding=\"async\" class=\"alignleft size-full wp-image-4666\" alt=\"DSC_9840\" src=\"https:\/\/radiowebmx.com\/nota\/wp-content\/uploads\/2013\/11\/DSC_9840.jpg\" width=\"591\" height=\"273\" \/><\/a>Con la alrededor de 400 participantes y el objetivo de exponer e intercambiar experiencias positivas entre Michoac\u00e1n y estados vecinos para brindar una mejor atenci\u00f3n a la ciudadan\u00eda, se llev\u00f3 a cabo el 1er. Foro de Atenci\u00f3n Ciudadana Michoac\u00e1n 2013.<\/p>\n<p>Con la representaci\u00f3n del gobernador Fausto Vallejo, Rodrigo Maldonado L\u00f3pez, titular de la Secretar\u00eda de Pol\u00edtica Social, se\u00f1al\u00f3 que atender las necesidades de la ciudadan\u00eda, principalmente de la que se encuentra en situaciones vulnerables, es corresponsabilidad del gobierno, la iniciativa privada, las organizaciones civiles y sociedad en general; por ello celebr\u00f3 la realizaci\u00f3n de este Foro que es organizado por la Coordinaci\u00f3n de Atenci\u00f3n Ciudadana del estado de Michoac\u00e1n, que preside Juan Antonio Ixtl\u00e1huac Orihuela.<\/p>\n<p>Maldonado L\u00f3pez explic\u00f3 que este tipo de eventos generan las herramientas gu\u00eda para darle a nuestro estado un nuevo rostro y una nueva serie de oportunidades; \u201cestamos completamente seguros de que este primer Foro nos permitir\u00e1 construir juntos un nuevo rumbo para Michoac\u00e1n\u201d, apunt\u00f3.<\/p>\n<p>Por su parte, Ixtl\u00e1huac Orihuela dijo que la Coordinaci\u00f3n de Atenci\u00f3n Ciudadana busca encaminar un nuevo proyecto donde el ciudadano sea el catalizador de las pol\u00edticas p\u00fablicas; pues Michoac\u00e1n necesita de la participaci\u00f3n de los diferentes actores pol\u00edticos, pero especialmente de la sociedad, para hacer frente a los retos.<\/p>\n<p>Finalmente, conmin\u00f3 a los asistentes para que formen parte de la construcci\u00f3n de una nueva agenda cuyo eje rector sea la equidad; ya que el servicio de atenci\u00f3n ciudadana es la ventana del gobierno y la puerta que brinda el principal servicio de la administraci\u00f3n p\u00fablica, que es responder a las demandas y necesidades m\u00e1s apremiantes de los habitantes.<\/p>\n<p>El Foro cont\u00f3 con la participaci\u00f3n de los directores generales de Atenci\u00f3n Ciudadana de los estados de Jalisco, Quer\u00e9taro y el Estado de M\u00e9xico, quienes fungieron como ponentes magistrales, adem\u00e1s de Rom\u00e1n Acosta Rosales, delegado del Instituto Mexicano del Seguro Social en Michoac\u00e1n; y Patrick Edward Devlyn Porras, director general de Devlyn-USC.<\/p>\n<p>Entre los asistentes se encontraron los delegados federales de la SEP, PGR y PROFEPA; as\u00ed como los presidentes municipales de Tlalpujahua y Ziracuaretiro; entre otros funcionarios de los tres \u00f3rdenes de gobierno.<\/p>\n","protected":false},"excerpt":{"rendered":"<p>Con la alrededor de 400 participantes y el objetivo de exponer e intercambiar experiencias positivas entre Michoac\u00e1n y estados vecinos para brindar una mejor atenci\u00f3n a la ciudadan\u00eda, se llev\u00f3 a cabo el 1er. Foro de Atenci\u00f3n Ciudadana Michoac\u00e1n 2013.<\/p>\n","protected":false},"author":1,"featured_media":0,"comment_status":"open","ping_status":"open","sticky":false,"template":"","format":"standard","meta":{"footnotes":""},"categories":[14,3],"tags":[],"class_list":["post-4665","post","type-post","status-publish","format-standard","hentry","category-destacadas","category-gobierno-del-estado-de-michoacan"],"_links":{"self":[{"href":"https:\/\/radiowebmx.com\/nota\/wp-json\/wp\/v2\/posts\/4665","targetHints":{"allow":["GET"]}}],"collection":[{"href":"https:\/\/radiowebmx.com\/nota\/wp-json\/wp\/v2\/posts"}],"about":[{"href":"https:\/\/radiowebmx.com\/nota\/wp-json\/wp\/v2\/types\/post"}],"author":[{"embeddable":true,"href":"https:\/\/radiowebmx.com\/nota\/wp-json\/wp\/v2\/users\/1"}],"replies":[{"embeddable":true,"href":"https:\/\/radiowebmx.com\/nota\/wp-json\/wp\/v2\/comments?post=4665"}],"version-history":[{"count":2,"href":"https:\/\/radiowebmx.com\/nota\/wp-json\/wp\/v2\/posts\/4665\/revisions"}],"predecessor-version":[{"id":4668,"href":"https:\/\/radiowebmx.com\/nota\/wp-json\/wp\/v2\/posts\/4665\/revisions\/4668"}],"wp:attachment":[{"href":"https:\/\/radiowebmx.com\/nota\/wp-json\/wp\/v2\/media?parent=4665"}],"wp:term":[{"taxonomy":"category","embeddable":true,"href":"https:\/\/radiowebmx.com\/nota\/wp-json\/wp\/v2\/categories?post=4665"},{"taxonomy":"post_tag","embeddable":true,"href":"https:\/\/radiowebmx.com\/nota\/wp-json\/wp\/v2\/tags?post=4665"}],"curies":[{"name":"wp","href":"https:\/\/api.w.org\/{rel}","templated":true}]}}