{"id":4663,"date":"2013-11-22T11:20:27","date_gmt":"2013-11-22T17:20:27","guid":{"rendered":"https:\/\/radiowebmx.com\/nota\/?p=4663"},"modified":"2013-11-22T11:20:27","modified_gmt":"2013-11-22T17:20:27","slug":"este-pais-necesita-que-las-grandes-reformas-las-grandes-ideas-y-los-grandes-proyectos-esten-en-manos-de-las-grandes-personas-orlando-camacho","status":"publish","type":"post","link":"https:\/\/radiowebmx.com\/nota\/este-pais-necesita-que-las-grandes-reformas-las-grandes-ideas-y-los-grandes-proyectos-esten-en-manos-de-las-grandes-personas-orlando-camacho\/","title":{"rendered":"\u201cEste pa\u00eds necesita que las grandes reformas, las grandes ideas y los grandes proyectos est\u00e9n en manos de las grandes personas\u201d: Orlando Camacho"},"content":{"rendered":"<p>\u201cA este pa\u00eds le cuesta trabajo salir de la mediocridad porque las cuestiones importantes est\u00e1n en la mediocridad y han estado en manos mediocres mucho tiempo. O transformamos esta mentalidad y tomamos el paso de que sea la mejor gente que tengamos en este pa\u00eds quien <i>se aviente<\/i> el reto de hacer los grandes cambios, o no hay manera. Todo empieza por las personas. Los sistemas son importantes; las personas son fundamentales\u201d. As\u00ed dijo Orlando Camacho Nacenta, director general de M\u00e9xico S.O.S., durante su participaci\u00f3n en el Foro Nacional sobre Seguridad y Justicia que tuvo lugar ayer mi\u00e9rcoles y hoy jueves en la ciudad de Morelia.<\/p>\n<p>&nbsp;<\/p>\n<p>En la mesa cinco, denominada \u201cParticipaci\u00f3n ciudadana como motor para la seguridad y la justicia\u201d, moderada por Mar\u00eda Novoa Cancela, Directora de Investigaci\u00f3n de Seguridad y Justicia del Centro de Investigaci\u00f3n para el Desarrollo, A.C. (CIDAC), participaron tambi\u00e9n Mart\u00edn Carlos S\u00e1nchez Bocanegra, Director General de Instituci\u00f3n Renace A.B.P. y Bernardo Mar\u00eda Le\u00f3n Olea, miembro de la Comisi\u00f3n de Justicia de la Fundaci\u00f3n Ciudadana para el Desarrollo Integral de Michoac\u00e1n (FUCIDIM).<\/p>\n<p>&nbsp;<\/p>\n<p>Le\u00f3n Olea habl\u00f3 sobre \u201clo que le falta a la reforma en t\u00e9rminos de participaci\u00f3n ciudadana para que sea un \u00e9xito rotundo en cuanto a seguridad y justicia\u201d. La democracia, dijo, \u201ccomo est\u00e1 organizada, votamos cada tres o seis a\u00f1os y le damos un cheque en blanco a las instituciones. Necesitamos \u2018votar todos los d\u00edas\u2019\u201d. El tambi\u00e9n especialista y capacitador sobre la reforma penal enfatiz\u00f3 que es fundamental que la ciudadan\u00eda transite de una actitud espectadora hacia un empoderamiento que le permita \u201cretomar el control del sistema de justicia y no dejarlo en manos de los funcionarios que lo operan\u201d, siendo parte de un jurado ciudadano, opinando y participando activamente en las decisiones del sistema de justicia del pa\u00eds. En pocas palabras, \u201cretomar el control del sistema de justicia y no dejarlo en manos de los funcionarios que lo operan.\u00a0 El sentido com\u00fan de la sociedad funciona, sobre todo, cuando su seguridad est\u00e1 en peligro\u201d, concluy\u00f3.<\/p>\n<p>&nbsp;<\/p>\n<p>Por su parte, Mar\u00eda Novoa Cancela, moderadora de la mesa, expres\u00f3 que \u201cse tiene que dar un proceso de colaboraci\u00f3n mutua entre autoridad y sociedad civil organizada. Actualmente tenemos una sociedad que desconf\u00eda de sus instituciones y unas instituciones que desconfian de la sociedad. Tenemos un reto muy grande sobre c\u00f3mo lograr esa colaboraci\u00f3n y confianza mutua\u201d.<\/p>\n<p>&nbsp;<\/p>\n<p>Al respecto, S\u00e1nchez Bocanegra declar\u00f3 que las organizaciones de la sociedad civil deben \u201cencontrar puntos en com\u00fan que permitan dise\u00f1ar agendas\u201d para atender objetivos espec\u00edficos. Explic\u00f3 que Renace A.B.P. tiene por objeto detonar mecanismos de transparencia y rendici\u00f3n de cuentas en las instituciones del sistema de justicia y de seguridad p\u00fablica a trav\u00e9s de la aplicaci\u00f3n de instrumentos de monitoreo y evaluaci\u00f3n; posicionar buenas pr\u00e1cticas y figuras innovadoras en materia de justicia penal, prevenci\u00f3n del delito, seguridad p\u00fablica y reinserci\u00f3n social, el desarrollo de estudios y propuestas de pol\u00edtica p\u00fablica; fomentar la inclusi\u00f3n social de personas que han estado detenidas, a trav\u00e9s de programas de reinserci\u00f3n integrales que cuenten con participaci\u00f3n de la academia, la iniciativa privada, y las autoridades; contribuir a la socializaci\u00f3n de reformas al sistema de justicia a trav\u00e9s de programas de comunicaci\u00f3n y difusi\u00f3n estrat\u00e9gica; e impactar en el funcionamiento del sistema de justicia a trav\u00e9s del litigio estrat\u00e9gico.<\/p>\n<p>&nbsp;<\/p>\n<p>En la mesa seis, llamada \u201cLa opini\u00f3n p\u00fablica y los medios de comunicaci\u00f3n: Herramientas para la consolidaci\u00f3n de la seguridad y la justicia\u201d, participaron Juli\u00e1n Andrade Jard\u00ed, columnista de Diario La Raz\u00f3n; Juan Omar Fierro, Reportero de Noticias MVS; Omar S\u00e1nchez de Tagle, Subdirector de \u201cAnimal Pol\u00edtico\u201d; y Marco Lara Klahr, Periodista especializado en temas de justicia, Derechos Humanos y Nuevo sistema de justicia penal. El debate fue moderado por Ver\u00f3nica Garc\u00eda, periodista de Canal 13 de Michoac\u00e1n, y vers\u00f3 sobre el papel de los medios de comunicaci\u00f3n y su responsabilidad como l\u00edderes de opini\u00f3n en la comunidad; la generaci\u00f3n de informaci\u00f3n responsable y respetuosa de Derechos Humanos, y la necesidad de que los medios de comunicaci\u00f3n se conviertan en \u201cfiscalizadores\u201d de las instituciones dedicadas al sistema de justicia penal.<\/p>\n<p>&nbsp;<\/p>\n<p>Andrade Jard\u00ed afirm\u00f3 que al respecto \u201clos medios s\u00ed hemos cambiado\u201d. Por su parte, Juan Omar Fierro expres\u00f3 que existen compromisos que las empresas informativas deben asumir, como respetar la presunci\u00f3n de inocencia, dar seguimiento period\u00edstico hasta la culminaci\u00f3n de los procesos, y difundir con la misma importancia la liberaci\u00f3n de una persona cuando no se encontraron elementos suficientes para responsabilizarla de un delito o cuando el juez determin\u00f3 su inocencia.<\/p>\n<p>&nbsp;<\/p>\n<p>Omar S\u00e1nchez de Tagle a\u00f1adi\u00f3 que el Nuevo sistema de justicia penal \u201ces un gran reto para los medios de comunicaci\u00f3n, no solamente para quienes tienen que cubrir diariamente la nota; el problema es que los directores, los conductores, sabemos poco del tema y nos convertimos en estos \u2018jueces\u2019 o \u2018Ministerios P\u00fablicos\u2019, que no es el papel que tienen que cumplir los medios de comunicaci\u00f3n, sino ser un enlace entre el Nuevos sistema y la sociedad\u201d. Dijo que es fundamental crear un lenguaje claro entre los medios de comunicaci\u00f3n, la sociedad y los operadores, para realizar una correcta difusi\u00f3n del nuevo modelo penal.<\/p>\n<p>&nbsp;<\/p>\n<p>Marco Lara Klahr, periodista especializado en temas de justicia, Derechos Humanos y Nuevo sistema de justicia penal, sostuvo que \u201caunque han cambiado las normas, los escenarios y el paisaje judicial, las mentalidades se han movido apenas milim\u00e9tricamente\u201d.\u00a0 Dijo que \u201clos periodistas y los medios, m\u00e1s que capacitaci\u00f3n, necesitamos resignificarnos\u201d. Afirm\u00f3 que actualmente la industria de las noticias \u201ces una empaquetadora de tragedias humanas\u201d, donde la detenci\u00f3n arbitraria, la privaci\u00f3n arbitraria de la libertad, la intromisi\u00f3n en la intimidad y la vida privada, la tortura, los tratos inhumanos, crueles y degradantes, la privaci\u00f3n del derecho a la vida, la criminalizaci\u00f3n en tribunales paralelos y la discriminaci\u00f3n, estigmatizaci\u00f3n y criminalizaci\u00f3n de v\u00edctimas y personas imputadas son la norma en la narrativa y los discursos medi\u00e1ticos de una industria \u201cque disemina los principios inquisitivos del populismo punitivo y es emp\u00e1tico con pr\u00e1cticas violatorias de Derechos Humanos\u201d, lo cual redunda en violencia contra periodistas.\u00a0 \u201cEstas pol\u00edticas editoriales ampl\u00eda el espectro de amenazas\u201d, concluy\u00f3, \u201ce impide que la gente nos quiera\u201d.<\/p>\n<p>&nbsp;<\/p>\n<p>Germ\u00e1n Carlo Garavano, Fiscal General de la Ciudad Aut\u00f3noma de Buenos Aires, Argentina, en su conferencia magistral \u201cLa funci\u00f3n de las polic\u00edas y su relaci\u00f3n con la ciudadan\u00eda como pieza clave en el Nuevo Sistema: Puntos clave para una adecuada implementaci\u00f3n de la Reforma Penal\u201d, resalt\u00f3 que es fundamental capacitar a los cuerpos policiales y a los Ministerios P\u00fablicos, \u201cde otra manera el juez no recibir\u00e1 casos o tendr\u00e1 que desecharlos por no contar con las condiciones m\u00ednimas suficientes\u201d.<\/p>\n<p>&nbsp;<\/p>\n<p>&nbsp;<\/p>\n<p>Finalmente, Gilberto Alejandro Bribiesca V\u00e1zquez, Magistrado de la Novena Sala Penal del Supremo Tribunal de Justicia del Estado y miembro del Consejo para el nuevo sistema de justicia penal en Michoac\u00e1n; Mar\u00eda de los \u00c1ngeles Llanderal Zaragoza, Secretaria Ejecutiva del Consejo para el nuevo sistema de justicia penal en Michoac\u00e1n; y Alejandro Ponce de Le\u00f3n, Director General del Programa de Apoyo en Seguridad y Justicia de USAID, M\u00e9xico, participaron en la mesa \u201c\u00bfC\u00f3mo inicia el nuevo sistema en el estado de Michoac\u00e1n?\u201d, moderada por H\u00e9ctor D\u00edaz Santana Casta\u00f1os, Director General de Coordinaci\u00f3n Interinstitucional de la Secretar\u00eda T\u00e9cnica del Consejo de Coordinaci\u00f3n para la Implementaci\u00f3n del Sistema de Justicia Penal.<\/p>\n<p>&nbsp;<\/p>\n<p>En esta mesa se trataron temas como las condiciones del estatus de la implementaci\u00f3n en el estado de Michoac\u00e1n, las caracter\u00edsticas del Nuevo sistema en la entidad, los retos y oportunidades para la implementaci\u00f3n y operaci\u00f3n del sistema acusatorio de justicia penal, y las proyecciones a futuro.<\/p>\n<p>&nbsp;<\/p>\n<p>As\u00ed concluy\u00f3 el Foro Nacional sobre Seguridad y Justicia organizado por Instituci\u00f3n Renace ABP, la Secretar\u00eda T\u00e9cnica del Consejo de Coordinaci\u00f3n para la Implementaci\u00f3n del Sistema de Justicia Penal, el Consejo para el Nuevo sistema de justicia penal en Michoac\u00e1n y M\u00e9xico S.O.S., que cont\u00f3 con la asistencia de m\u00e1s de mil personas provenientes de distintas instituciones de procuraci\u00f3n, impartici\u00f3n y administraci\u00f3n de justicia de Michoac\u00e1n y otras entidades, as\u00ed como estudiantes de Derecho, acad\u00e9micos y ciudadan\u00eda en general, siendo \u201cla edici\u00f3n m\u00e1s exitosa y concurrida de este Foro que se haya realizado en el pa\u00eds, de acuerdo a Mart\u00edn Carlos S\u00e1nchez Bocanegra, director general de Instituci\u00f3n Renace A.B.P.<\/p>\n<p>&nbsp;<\/p>\n<p>&nbsp;<\/p>\n<p>&nbsp;<\/p>\n","protected":false},"excerpt":{"rendered":"<p>\u201cA este pa\u00eds le cuesta trabajo salir de la mediocridad porque las cuestiones importantes est\u00e1n en la mediocridad y han estado en manos mediocres mucho tiempo. O transformamos esta mentalidad y tomamos el paso de que sea la mejor gente que tengamos en este pa\u00eds quien se aviente el reto de hacer los grandes cambios, o no hay manera.<\/p>\n","protected":false},"author":1,"featured_media":0,"comment_status":"open","ping_status":"open","sticky":false,"template":"","format":"standard","meta":{"footnotes":""},"categories":[3],"tags":[],"class_list":["post-4663","post","type-post","status-publish","format-standard","hentry","category-gobierno-del-estado-de-michoacan"],"_links":{"self":[{"href":"https:\/\/radiowebmx.com\/nota\/wp-json\/wp\/v2\/posts\/4663","targetHints":{"allow":["GET"]}}],"collection":[{"href":"https:\/\/radiowebmx.com\/nota\/wp-json\/wp\/v2\/posts"}],"about":[{"href":"https:\/\/radiowebmx.com\/nota\/wp-json\/wp\/v2\/types\/post"}],"author":[{"embeddable":true,"href":"https:\/\/radiowebmx.com\/nota\/wp-json\/wp\/v2\/users\/1"}],"replies":[{"embeddable":true,"href":"https:\/\/radiowebmx.com\/nota\/wp-json\/wp\/v2\/comments?post=4663"}],"version-history":[{"count":1,"href":"https:\/\/radiowebmx.com\/nota\/wp-json\/wp\/v2\/posts\/4663\/revisions"}],"predecessor-version":[{"id":4664,"href":"https:\/\/radiowebmx.com\/nota\/wp-json\/wp\/v2\/posts\/4663\/revisions\/4664"}],"wp:attachment":[{"href":"https:\/\/radiowebmx.com\/nota\/wp-json\/wp\/v2\/media?parent=4663"}],"wp:term":[{"taxonomy":"category","embeddable":true,"href":"https:\/\/radiowebmx.com\/nota\/wp-json\/wp\/v2\/categories?post=4663"},{"taxonomy":"post_tag","embeddable":true,"href":"https:\/\/radiowebmx.com\/nota\/wp-json\/wp\/v2\/tags?post=4663"}],"curies":[{"name":"wp","href":"https:\/\/api.w.org\/{rel}","templated":true}]}}