{"id":4659,"date":"2013-11-22T11:15:42","date_gmt":"2013-11-22T17:15:42","guid":{"rendered":"https:\/\/radiowebmx.com\/nota\/?p=4659"},"modified":"2013-11-22T11:15:42","modified_gmt":"2013-11-22T17:15:42","slug":"deben-municipios-considerar-politicas-publicas-a-favor-del-medio-ambiente-asegura-titular-de-proam","status":"publish","type":"post","link":"https:\/\/radiowebmx.com\/nota\/deben-municipios-considerar-politicas-publicas-a-favor-del-medio-ambiente-asegura-titular-de-proam\/","title":{"rendered":"DEBEN MUNICIPIOS CONSIDERAR POL\u00cdTICAS P\u00daBLICAS A FAVOR DEL MEDIO AMBIENTE, ASEGURA TITULAR DE PROAM"},"content":{"rendered":"<p><a href=\"https:\/\/radiowebmx.com\/nota\/wp-content\/uploads\/2013\/11\/IMG_21561.jpg\"><img loading=\"lazy\" decoding=\"async\" class=\"alignleft size-full wp-image-4660\" alt=\"IMG_2156[1]\" src=\"https:\/\/radiowebmx.com\/nota\/wp-content\/uploads\/2013\/11\/IMG_21561.jpg\" width=\"591\" height=\"328\" \/><\/a>\u201cLa legislaci\u00f3n en materia ambiental es uno de los temas m\u00e1s importantes que los municipios deben considerar ante la creciente problem\u00e1tica ambiental local y global\u201d, afirm\u00f3 el procurador de Protecci\u00f3n al Ambiente en la entidad, Arturo Guzm\u00e1n Abrego, al acudir al diplomado en Pol\u00edticas P\u00fablicas en Materia Ambiental que tuvo lugar en este municipio porte\u00f1o.<\/p>\n<p>En el auditorio del campus de la Universidad Michoacana de este municipio, Guzm\u00e1n Abrego destac\u00f3 que para la ProAm es importante el crecimiento del campo de acci\u00f3n en este tema, debido a la estrecha relaci\u00f3n del quehacer municipal con el medio ambiente.<\/p>\n<p>Prueba de ello, dijo, es la cuesti\u00f3n del cambio de uso de suelo, del que los ayuntamientos tienen injerencia para su aprobaci\u00f3n con distintos fines.<\/p>\n<p>Ante la profesora de la UMSNH, Hilda Guerrero Garc\u00eda Rojas, quien actualmente vincula el programa de la M\u00e1xima Casa de Estudios con la ProAm, as\u00ed como del profesor Leopoldo Callejas Fonseca, el funcionario estatal se\u00f1al\u00f3 que estos cursos tambi\u00e9n tienen el prop\u00f3sito de aplicar, dentro de las pol\u00edticas p\u00fablicas, los instrumentos jur\u00eddicos para que los municipios ampl\u00eden su margen de competencia.<\/p>\n<p>El procurador ambiental se\u00f1al\u00f3 que actualmente se imparten cursos en los municipios de Uruapan, Zit\u00e1cuaro, Zamora, Morelia y ahora en L\u00e1zaro C\u00e1rdenas, para dar las herramientas que permitan a los ayuntamientos conocer m\u00e1s sobre bio\u00e9tica, cambio clim\u00e1tico, as\u00ed como instrumentos jur\u00eddicos en materia ambiental.<\/p>\n<p>\u201cConsiderando que M\u00e9xico es de los pa\u00edses m\u00e1s biodiversos en materia ambiental y que nuestros estado es de los m\u00e1s importantes en este rubro, se hace indispensable aplicar las pol\u00edticas p\u00fablicas ambientales de manera urgente en nuestros municipios\u201d, destac\u00f3.<\/p>\n<p>A su vez, la profesora Hilda Guerrero Garc\u00eda Rojas resalt\u00f3 la importancia del actual convenio entre la UMSNH y la ProAm, \u201cy el rector de la M\u00e1xima Casa de Estudios, Salvador Jara Guerrero nos ha instruido para estar presentes en todo este tipo de eventos\u201d, dijo.<\/p>\n<p>&nbsp;<\/p>\n<p>&nbsp;<\/p>\n<p>&nbsp;<\/p>\n<p>&nbsp;<\/p>\n<p>Destac\u00f3 que aunque el tema del medio ambiente es una ocupaci\u00f3n de los gobiernos, \u00a0no es exclusivo de partidos, sino obligaci\u00f3n de todos, por lo que a todos corresponde cuidarlo.<\/p>\n<p>A los presentes en el auditorio nicolaita, los exhort\u00f3 para llevar estos conocimientos a sus compa\u00f1eros de ayuntamiento y trabajar por el medio ambiente.<\/p>\n<p>&nbsp;<\/p>\n<p>&nbsp;<\/p>\n<p><b>\u00a0<\/b><\/p>\n<p>&nbsp;<\/p>\n","protected":false},"excerpt":{"rendered":"<p>\u201cLa legislaci\u00f3n en materia ambiental es uno de los temas m\u00e1s importantes que los municipios deben considerar ante la creciente problem\u00e1tica ambiental local y global\u201d, afirm\u00f3 el procurador de Protecci\u00f3n al Ambiente en la entidad, Arturo Guzm\u00e1n Abrego,<\/p>\n","protected":false},"author":1,"featured_media":0,"comment_status":"open","ping_status":"open","sticky":false,"template":"","format":"standard","meta":{"footnotes":""},"categories":[14,3],"tags":[],"class_list":["post-4659","post","type-post","status-publish","format-standard","hentry","category-destacadas","category-gobierno-del-estado-de-michoacan"],"_links":{"self":[{"href":"https:\/\/radiowebmx.com\/nota\/wp-json\/wp\/v2\/posts\/4659","targetHints":{"allow":["GET"]}}],"collection":[{"href":"https:\/\/radiowebmx.com\/nota\/wp-json\/wp\/v2\/posts"}],"about":[{"href":"https:\/\/radiowebmx.com\/nota\/wp-json\/wp\/v2\/types\/post"}],"author":[{"embeddable":true,"href":"https:\/\/radiowebmx.com\/nota\/wp-json\/wp\/v2\/users\/1"}],"replies":[{"embeddable":true,"href":"https:\/\/radiowebmx.com\/nota\/wp-json\/wp\/v2\/comments?post=4659"}],"version-history":[{"count":2,"href":"https:\/\/radiowebmx.com\/nota\/wp-json\/wp\/v2\/posts\/4659\/revisions"}],"predecessor-version":[{"id":4662,"href":"https:\/\/radiowebmx.com\/nota\/wp-json\/wp\/v2\/posts\/4659\/revisions\/4662"}],"wp:attachment":[{"href":"https:\/\/radiowebmx.com\/nota\/wp-json\/wp\/v2\/media?parent=4659"}],"wp:term":[{"taxonomy":"category","embeddable":true,"href":"https:\/\/radiowebmx.com\/nota\/wp-json\/wp\/v2\/categories?post=4659"},{"taxonomy":"post_tag","embeddable":true,"href":"https:\/\/radiowebmx.com\/nota\/wp-json\/wp\/v2\/tags?post=4659"}],"curies":[{"name":"wp","href":"https:\/\/api.w.org\/{rel}","templated":true}]}}