{"id":4629,"date":"2013-11-20T11:35:22","date_gmt":"2013-11-20T17:35:22","guid":{"rendered":"https:\/\/radiowebmx.com\/nota\/?p=4629"},"modified":"2013-11-20T11:35:22","modified_gmt":"2013-11-20T17:35:22","slug":"ser-humildes-y-apostarle-a-la-unidad-para-ganar-en-el-2015-mauricio-prieto","status":"publish","type":"post","link":"https:\/\/radiowebmx.com\/nota\/ser-humildes-y-apostarle-a-la-unidad-para-ganar-en-el-2015-mauricio-prieto\/","title":{"rendered":"Ser humildes y apostarle a la unidad para ganar en el 2015: Mauricio Prieto"},"content":{"rendered":"<p>El presidente del Comit\u00e9 Municipal del PRD en Charo, Mauricio Prieto G\u00f3mez, pidi\u00f3 a la militancia de su partido a trabajar, organizarse, unirse y fortalecer los comit\u00e9s municipales para recuperar los espacios perdidos en las elecciones del 2015.<\/p>\n<p>&nbsp;<\/p>\n<p>En gira de trabajo por el municipio de Jungapeo, en compa\u00f1\u00eda de diversos liderazgos del Partido de la Revoluci\u00f3n Democr\u00e1tica, Prieto G\u00f3mez record\u00f3 que en esta municipalidad ya van dos periodos en que su partido no gobierna y las diferencias son notorias.<\/p>\n<p>&nbsp;<\/p>\n<p>Por lo anterior llam\u00f3 a la militancia de Jungapeo a trabajar organizadamente en torno al Comit\u00e9 Municipal para fortalecer al partido, dejar a un lado las diferencias que dividen al PRD y a ser humildes, ya que de esta forma seguramente, dijo, las cosas se van a dar.<\/p>\n<p>&nbsp;<\/p>\n<p>\u201cDebemos trabajar para el partido, si nos ponemos de acuerdo, le apostamos a la unidad y dejamos a un lado las diferencias entre las corrientes podremos fortalecer al PRD; yo siempre lo he dicho, la corriente m\u00e1s importante se llama PRD\u201d.<\/p>\n<p>&nbsp;<\/p>\n<p>Finalmente el tambi\u00e9n ex diputado local, refiri\u00f3 que est\u00e1 en v\u00edas de aprobarse la Reforma Energ\u00e9tica en el Congreso de la Uni\u00f3n, en la cual el presidente Enrique Pe\u00f1a Nieto y el PRI, pretenden entregar el petr\u00f3leo a compa\u00f1\u00edas extranjeras.<\/p>\n<p>&nbsp;<\/p>\n<p>Por ello dijo, se est\u00e1n recolectando firmas en todo el estado para hacerlas llegar al Senado de la Rep\u00fablica, y as\u00ed, hacerle saber al presidente Pe\u00f1a Nieto que los michoacanos est\u00e1n en pie de lucha por la defensa del petr\u00f3leo.<\/p>\n","protected":false},"excerpt":{"rendered":"<p>El presidente del Comit\u00e9 Municipal del PRD en Charo, Mauricio Prieto G\u00f3mez, pidi\u00f3 a la militancia de su partido a trabajar, organizarse, unirse y fortalecer los comit\u00e9s municipales para recuperar los espacios perdidos en las elecciones del 2015.<\/p>\n","protected":false},"author":1,"featured_media":0,"comment_status":"open","ping_status":"open","sticky":false,"template":"","format":"standard","meta":{"footnotes":""},"categories":[1],"tags":[],"class_list":["post-4629","post","type-post","status-publish","format-standard","hentry","category-sin-categoria"],"_links":{"self":[{"href":"https:\/\/radiowebmx.com\/nota\/wp-json\/wp\/v2\/posts\/4629","targetHints":{"allow":["GET"]}}],"collection":[{"href":"https:\/\/radiowebmx.com\/nota\/wp-json\/wp\/v2\/posts"}],"about":[{"href":"https:\/\/radiowebmx.com\/nota\/wp-json\/wp\/v2\/types\/post"}],"author":[{"embeddable":true,"href":"https:\/\/radiowebmx.com\/nota\/wp-json\/wp\/v2\/users\/1"}],"replies":[{"embeddable":true,"href":"https:\/\/radiowebmx.com\/nota\/wp-json\/wp\/v2\/comments?post=4629"}],"version-history":[{"count":2,"href":"https:\/\/radiowebmx.com\/nota\/wp-json\/wp\/v2\/posts\/4629\/revisions"}],"predecessor-version":[{"id":4631,"href":"https:\/\/radiowebmx.com\/nota\/wp-json\/wp\/v2\/posts\/4629\/revisions\/4631"}],"wp:attachment":[{"href":"https:\/\/radiowebmx.com\/nota\/wp-json\/wp\/v2\/media?parent=4629"}],"wp:term":[{"taxonomy":"category","embeddable":true,"href":"https:\/\/radiowebmx.com\/nota\/wp-json\/wp\/v2\/categories?post=4629"},{"taxonomy":"post_tag","embeddable":true,"href":"https:\/\/radiowebmx.com\/nota\/wp-json\/wp\/v2\/tags?post=4629"}],"curies":[{"name":"wp","href":"https:\/\/api.w.org\/{rel}","templated":true}]}}