{"id":4619,"date":"2013-11-20T11:21:28","date_gmt":"2013-11-20T17:21:28","guid":{"rendered":"https:\/\/radiowebmx.com\/nota\/?p=4619"},"modified":"2013-11-20T11:21:38","modified_gmt":"2013-11-20T17:21:38","slug":"comunicado-581-2013-cerrara-michoacan-2013-con-100-mdp-de-apoyos-directos-de-la-secretaria-de-economia-federal","status":"publish","type":"post","link":"https:\/\/radiowebmx.com\/nota\/comunicado-581-2013-cerrara-michoacan-2013-con-100-mdp-de-apoyos-directos-de-la-secretaria-de-economia-federal\/","title":{"rendered":"CERRAR\u00c1 MICHOAC\u00c1N 2013 CON 100 MDP DE APOYOS DIRECTOS DE LA SECRETAR\u00cdA DE ECONOM\u00cdA FEDERAL"},"content":{"rendered":"<p>Al anunciar que al cierre de este a\u00f1o nuestra entidad estar\u00e1 recibiendo apoyos por 100 millones de pesos, derivado de los diversos programas que opera la Secretar\u00eda de Econom\u00eda federal, el titular de la dependencia, Alfonso Guajardo Villareal, refrend\u00f3 ante el gobernador del estado Fausto Vallejo Figueroa, el respaldo para impulsar los proyectos estrat\u00e9gicos que requiere Michoac\u00e1n para tener estabilidad econ\u00f3mica y social.<\/p>\n<p>En el marco de la gira de trabajo del secretario de estado por la entidad, el mandatario michoacano Vallejo Figueroa, se\u00f1al\u00f3 que la presencia del titular de la SE significa mayores recursos, proyectos e ideas en beneficio de los michoacanos, pues adicional a los montos ya asignados, confi\u00f3 en que con el apoyo a los proyectos adecuados, la dependencia federal pueda hacer llegar m\u00e1s presupuesto al estado.<\/p>\n<p>\u201cNos sentimos muy orgullosos de tener su presencia y agradecemos su inter\u00e9s muy puntual por Michoac\u00e1n, porque nos trae muy buenas noticias\u201d, dijo Fausto Vallejo, al referirse adem\u00e1s a la coordinaci\u00f3n interinstitucional que en especial se comprometi\u00f3 para el crecimiento del puerto de L\u00e1zaro C\u00e1rdenas.<\/p>\n<p><b>AVANZA MICHOAC\u00c1N EN MEJORA REGULATORIA, FIRMA CONVENIO DE COFEMER<\/b><\/p>\n<p>Como parte de estos encuentros entre el secretario de Econom\u00eda y el jefe del Ejecutivo estatal, ambos funcionarios signaron el convenio de coordinaci\u00f3n en materia de Mejora Regulatoria, con el cual se establece una agenda com\u00fan para consolidar la Mejora Regulatoria en la entidad, lo que se traduce en simplificar los tr\u00e1mites cotidianos que tiene el ciudadano frente al gobierno y proporcionar reglas para facilitar la apertura de negocios en los municipios<\/p>\n<p>Con esta acci\u00f3n, el gobierno estatal reafirma su compromiso de elaborar un Programa Estatal de Mejora Regulatoria, as\u00ed como llevar a cabo las acciones necesarias, en el marco de sus atribuciones, para dar cumplimiento al referido Programa, que es impulsado por la Comisi\u00f3n Federal de Mejora Regulatoria (Cofemer).<\/p>\n<p>En presencia del titular de la Cofemer, Virgilio Andrade Mart\u00ednez, se dio a conocer que el acuerdo implica que la COFEMER brinde asesor\u00eda t\u00e9cnica en materia de Mejora Regulatoria al Poder Ejecutivo del estado y las acciones que, de manera conjunta, deber\u00e1n emprenderse para dicho prop\u00f3sito, entre las que se encuentran la promoci\u00f3n de los sistemas para apertura r\u00e1pida de empresas y\u00a0 los indicadores que miden la facilidad para hacer negocios, as\u00ed como la simplificaci\u00f3n en la gesti\u00f3n de tr\u00e1mite relacionados con la actividad econ\u00f3mica.<\/p>\n<p><b>ENTREGAN APOYOS A 567 MIPYMES <\/b><\/p>\n<p>Como parte de los recursos federales destinados a Michoac\u00e1n, el gobernador del estado Fausto Vallejo y el secretario de Econom\u00eda, Ildefonso Guajardo, entregaron, de manera simb\u00f3lica, cinco de un total de 567 apoyos del Fondo Emprendedor, creado con el objeto de incorporar a las Micro, Peque\u00f1as y Medianas Empresas michoacanas (MIPyMES) a las Tecnolog\u00edas de Informaci\u00f3n y Comunicaci\u00f3n (TIC&#8217;s).<\/p>\n<p>Al respecto, el secretario de Econom\u00eda, afirm\u00f3 que las TIC&#8217;s est\u00e1n impactando la manera como todos hacemos nuestras actividades cotidianas, y eso no debe excluir a las micro, peque\u00f1as y medianas empresas; por ello en este a\u00f1o la Federaci\u00f3n logr\u00f3 reservar 500 millones de pesos del Fondo MIPyME para apoyar a trav\u00e9s del Fondo Emprendedor a emprendedores de todo el pa\u00eds.<\/p>\n<p>Fueron testigos de esta entrega, la delegada en la entidad de la SE, Nancy C\u00e1rdenas Meza; el secretario de Desarrollo Econ\u00f3mico del estado, Juan Pablo Arriaga Diez, entre otros.<\/p>\n<p><b>\u00a0<\/b><\/p>\n","protected":false},"excerpt":{"rendered":"<p>Al anunciar que al cierre de este a\u00f1o nuestra entidad estar\u00e1 recibiendo apoyos por 100 millones de pesos, derivado de los diversos programas que opera la Secretar\u00eda de Econom\u00eda federal, el titular de la dependencia, Alfonso Guajardo Villareal, refrend\u00f3 ante el gobernador del estado Fausto Vallejo Figueroa,<\/p>\n","protected":false},"author":1,"featured_media":0,"comment_status":"open","ping_status":"open","sticky":false,"template":"","format":"standard","meta":{"footnotes":""},"categories":[3,9],"tags":[],"class_list":["post-4619","post","type-post","status-publish","format-standard","hentry","category-gobierno-del-estado-de-michoacan","category-morelia"],"_links":{"self":[{"href":"https:\/\/radiowebmx.com\/nota\/wp-json\/wp\/v2\/posts\/4619","targetHints":{"allow":["GET"]}}],"collection":[{"href":"https:\/\/radiowebmx.com\/nota\/wp-json\/wp\/v2\/posts"}],"about":[{"href":"https:\/\/radiowebmx.com\/nota\/wp-json\/wp\/v2\/types\/post"}],"author":[{"embeddable":true,"href":"https:\/\/radiowebmx.com\/nota\/wp-json\/wp\/v2\/users\/1"}],"replies":[{"embeddable":true,"href":"https:\/\/radiowebmx.com\/nota\/wp-json\/wp\/v2\/comments?post=4619"}],"version-history":[{"count":3,"href":"https:\/\/radiowebmx.com\/nota\/wp-json\/wp\/v2\/posts\/4619\/revisions"}],"predecessor-version":[{"id":4622,"href":"https:\/\/radiowebmx.com\/nota\/wp-json\/wp\/v2\/posts\/4619\/revisions\/4622"}],"wp:attachment":[{"href":"https:\/\/radiowebmx.com\/nota\/wp-json\/wp\/v2\/media?parent=4619"}],"wp:term":[{"taxonomy":"category","embeddable":true,"href":"https:\/\/radiowebmx.com\/nota\/wp-json\/wp\/v2\/categories?post=4619"},{"taxonomy":"post_tag","embeddable":true,"href":"https:\/\/radiowebmx.com\/nota\/wp-json\/wp\/v2\/tags?post=4619"}],"curies":[{"name":"wp","href":"https:\/\/api.w.org\/{rel}","templated":true}]}}