{"id":4611,"date":"2013-11-20T11:13:28","date_gmt":"2013-11-20T17:13:28","guid":{"rendered":"https:\/\/radiowebmx.com\/nota\/?p=4611"},"modified":"2013-11-20T11:15:51","modified_gmt":"2013-11-20T17:15:51","slug":"la-secretaria-de-educacion-llevara-a-cabo-el-simposio-aptitudes-sobresalientes-y-talentos","status":"publish","type":"post","link":"https:\/\/radiowebmx.com\/nota\/la-secretaria-de-educacion-llevara-a-cabo-el-simposio-aptitudes-sobresalientes-y-talentos\/","title":{"rendered":"LA SECRETAR\u00cdA DE EDUCACI\u00d3N LLEVAR\u00c1 A CABO EL SIMPOSIO \u201cAPTITUDES SOBRESALIENTES Y TALENTOS\u201d"},"content":{"rendered":"<p>El gobierno del Estado y la Secretar\u00eda de Educaci\u00f3n (SEE), a trav\u00e9s de la Direcci\u00f3n General de Desarrollo e Investigaci\u00f3n Educativa, y la Direcci\u00f3n de Proyectos de Investigaci\u00f3n e Innovaci\u00f3n, y en el marco del Proyecto Estrat\u00e9gico Interinstitucional de Divulgaci\u00f3n de la Ciencia y la Tecnolog\u00eda,\u00a0 llevar\u00e1 a cabo durante los d\u00edas 21 y 22 de noviembre de 2013, en el Polif\u00f3rum Digital Morelia, el Simposio \u201cAptitudes Sobresalientes y Talentos\u201d.<\/p>\n<p>El prop\u00f3sito de este evento es abrir espacios para el estudio, identificaci\u00f3n y presentaci\u00f3n de propuestas para el desarrollo de talentos, a la par de examinar desde distintos \u00e1ngulos lo relativo al talento y las aptitudes sobresalientes desde una perspectiva general y espec\u00edfica, as\u00ed como su impacto en el desarrollo acad\u00e9mico de los estudiantes.<\/p>\n<p>El doctor Manuel Saavedra Regalado, titular de la DGDIE, dio a conocer que este Simposio est\u00e1 dirigido a los profesionales de la educaci\u00f3n, investigadores de instituciones de educaci\u00f3n superior, centros de investigaci\u00f3n, asesores t\u00e9cnicos, organizaciones de la sociedad civil que promueven y apoyan el desarrollo del talento en ni\u00f1os y j\u00f3venes, estudiantes de nivel superior y tambi\u00e9n, a todas aquellas personas interesadas en el tema.<\/p>\n<p>Para su mejor desarrollo, el trabajo del Simposio est\u00e1 organizado en conferencias magistrales, paneles, exposiciones orales, talleres simult\u00e1neos con propuestas metodol\u00f3gicas para el desarrollo de aptitudes sobresalientes y de talento, adem\u00e1s de la presentaci\u00f3n de libros, materiales educativos e informes de investigaci\u00f3n como productos del estudio sobre aptitudes sobresalientes, los cuales podr\u00e1n incluirse en la memoria del evento que se editar\u00e1 con registro ISBN (<i>Internacional Standard Book Number<\/i>).<\/p>\n<p>Saavedra Regalado destac\u00f3 que las conferencias magistrales ser\u00e1n sustentadas por connotadas especialistas en la materia entre quienes destacan la doctora Gabriela de la Torre Garc\u00eda, del Instituto de Enlaces Educativos; la doctora Mar\u00eda de los Dolores Valadez Sierra, del Centro Universitario de Ciencias de la Salud de la Universidad de Guadalajara, y el doctor Alejandro Frank Koeflich, del Instituto de Ciencias Nucleares de la UNAM y miembro del SIN, quienes compartir\u00e1n sus conocimientos sobre \u201cModelos de Atenci\u00f3n para Alumnos con Aptitudes Sobresalientes\u201d, \u201cNi\u00f1os y J\u00f3venes Superdotados y Talentosos\u201d y \u201cLa Identificaci\u00f3n y Adopci\u00f3n del Talento Cient\u00edfico\u201d, respectivamente.<\/p>\n<p>De igual forma, mencion\u00f3 que en los paneles \u201cIdentificaci\u00f3n y Atenci\u00f3n de Estudiantes con Aptitudes Sobresalientes y\/o Talentos\u201d y, \u201cExperiencias Interinstitucionales de Enriquecimiento para la Atenci\u00f3n de Estudiantes Talentosos y Sobresalientes\u201d participar\u00e1n, entre otros, el doctor Alejandro Frank Hoeflich,<b> <\/b>la doctora Mar\u00eda Elena Rivera Heredia<b>, <\/b>la doctora Gabriela de la Torre Garc\u00eda, la doctora Mar\u00eda de los Dolores Valadez Sierra, la doctora Gabriela L\u00f3pez Aymes, M\u00f3nica Montes Ayala y la doctora Lilian del Valle Chauvet.<\/p>\n<p>Finalmente, el doctor Saavedra Regalado puso \u00e9nfasis en la importancia de realizar este Simposio, dado que en Michoac\u00e1n se est\u00e1n respaldando con mucho inter\u00e9s por parte de las autoridades educativas tanto el Programa de Atenci\u00f3n a Estudiantes con Aptitudes Sobresalientes, como el Programa Adopta un Talento (PAUTA).<\/p>\n","protected":false},"excerpt":{"rendered":"<p>El gobierno del Estado y la Secretar\u00eda de Educaci\u00f3n (SEE), a trav\u00e9s de la Direcci\u00f3n General de Desarrollo e Investigaci\u00f3n Educativa, y la Direcci\u00f3n de Proyectos de Investigaci\u00f3n e Innovaci\u00f3n, y en el marco del Proyecto Estrat\u00e9gico Interinstitucional de Divulgaci\u00f3n de la Ciencia y la Tecnolog\u00eda,<\/p>\n","protected":false},"author":1,"featured_media":0,"comment_status":"open","ping_status":"open","sticky":false,"template":"","format":"standard","meta":{"footnotes":""},"categories":[3],"tags":[],"class_list":["post-4611","post","type-post","status-publish","format-standard","hentry","category-gobierno-del-estado-de-michoacan"],"_links":{"self":[{"href":"https:\/\/radiowebmx.com\/nota\/wp-json\/wp\/v2\/posts\/4611","targetHints":{"allow":["GET"]}}],"collection":[{"href":"https:\/\/radiowebmx.com\/nota\/wp-json\/wp\/v2\/posts"}],"about":[{"href":"https:\/\/radiowebmx.com\/nota\/wp-json\/wp\/v2\/types\/post"}],"author":[{"embeddable":true,"href":"https:\/\/radiowebmx.com\/nota\/wp-json\/wp\/v2\/users\/1"}],"replies":[{"embeddable":true,"href":"https:\/\/radiowebmx.com\/nota\/wp-json\/wp\/v2\/comments?post=4611"}],"version-history":[{"count":4,"href":"https:\/\/radiowebmx.com\/nota\/wp-json\/wp\/v2\/posts\/4611\/revisions"}],"predecessor-version":[{"id":4614,"href":"https:\/\/radiowebmx.com\/nota\/wp-json\/wp\/v2\/posts\/4611\/revisions\/4614"}],"wp:attachment":[{"href":"https:\/\/radiowebmx.com\/nota\/wp-json\/wp\/v2\/media?parent=4611"}],"wp:term":[{"taxonomy":"category","embeddable":true,"href":"https:\/\/radiowebmx.com\/nota\/wp-json\/wp\/v2\/categories?post=4611"},{"taxonomy":"post_tag","embeddable":true,"href":"https:\/\/radiowebmx.com\/nota\/wp-json\/wp\/v2\/tags?post=4611"}],"curies":[{"name":"wp","href":"https:\/\/api.w.org\/{rel}","templated":true}]}}