{"id":4597,"date":"2013-11-14T12:17:27","date_gmt":"2013-11-14T18:17:27","guid":{"rendered":"https:\/\/radiowebmx.com\/nota\/?p=4597"},"modified":"2013-11-14T12:18:05","modified_gmt":"2013-11-14T18:18:05","slug":"inminente-compromiso-del-gppan-en-beneficio-de-los-discapacitados-en-michoacan-alfonso-martinez","status":"publish","type":"post","link":"https:\/\/radiowebmx.com\/nota\/inminente-compromiso-del-gppan-en-beneficio-de-los-discapacitados-en-michoacan-alfonso-martinez\/","title":{"rendered":"Inminente compromiso del GPPAN en beneficio de los discapacitados en Michoac\u00e1n: Alfonso Mart\u00ednez"},"content":{"rendered":"<p><a href=\"https:\/\/radiowebmx.com\/nota\/wp-content\/uploads\/2013\/11\/Dip.-Alfonso-Mtz-Alc\u00e1zar-l\u00edder-de-los-diputados-PAN.jpg\"><img loading=\"lazy\" decoding=\"async\" class=\"alignleft size-full wp-image-4598\" alt=\"Dip. Alfonso Mtz Alc\u00e1zar, l\u00edder de los diputados PAN\" src=\"https:\/\/radiowebmx.com\/nota\/wp-content\/uploads\/2013\/11\/Dip.-Alfonso-Mtz-Alc\u00e1zar-l\u00edder-de-los-diputados-PAN.jpg\" width=\"591\" height=\"325\" \/><\/a>\u201cLos diputados del Grupo Parlamentario del Partido Acci\u00f3n Nacional en la entidad, una vez m\u00e1s refrendamos nuestro compromiso a favor de los ni\u00f1os y ni\u00f1as con discapacidad, por ello, celebramos que la pr\u00f3xima inauguraci\u00f3n del Centro de Rehabilitaci\u00f3n Infantil Telet\u00f3n (CRIT)\u00a0 en el Estado, venga a contribuir en mejorar la calidad de vida y condiciones de las personas m\u00e1s vulnerables\u201d, as\u00ed lo dio a conocer el diputado Alfonso Mart\u00ednez Alc\u00e1zar.<\/p>\n<p>El coordinador de los diputados panistas, se\u00f1al\u00f3 que este CRIT ha significado un gran logro para la Septuag\u00e9sima Segunda Legislatura de Michoac\u00e1n, ya que fue un logro el consenso con las diversas fuerzas pol\u00edticas en la entidad, para que se lograra la aprobaci\u00f3n de la desincorporaci\u00f3n del predio, ubicado en el Ejido Santiaguito en las antiguas instalaciones de la Expo-Feria Michoac\u00e1n en la capital moreliana, inmueble que cuenta con una superficie de 37 mil 441.42 metros cuadrados, para las operaciones del Centro de Rehabilitaci\u00f3n.<\/p>\n<p>Ante el logro de los 40 diputados del Poder legislativo en el Estado, se han logrado acciones que se ver\u00e1n reflejadas en beneficio de los michoacanos, ya que actualmente Michoac\u00e1n se ubica en el tercer lugar con mayor n\u00famero de personas con discapacidad\u201d, resalt\u00f3 el l\u00edder de los diputados panistas.<\/p>\n<p>Cabe se\u00f1alar que Acci\u00f3n Nacional ha contemplado dentro de su agenda legislativa la preocupaci\u00f3n por las personas vulnerables, como son los discapacitados, cabe se\u00f1alar que la diputada Laura Gonz\u00e1lez Mart\u00ednez, present\u00f3 en meses pasados ante el Pleno, la Iniciativa de Ley de Movilidad, Tr\u00e1nsito y Seguridad Vial del Estado de Michoac\u00e1n, con el objetivo de concientizar, abatir los altos \u00edndices de accidentes viales que ocurren en la entidad, as\u00ed como el importante desaf\u00edo que suponen para el desarrollo y la salud p\u00fablica, las muertes y los traumatismos por accidentes de tr\u00e1nsito, la cual propone crear una Ley acorde con las necesidades actuales de los ciudadanos.<\/p>\n<p>De acuerdo a cifras del Instituto Nacional de Estad\u00edstica y Geograf\u00eda (INEGI), Michoac\u00e1n se ha colocado en el tercer lugar a nivel nacional, con 267 mil 617 personas que tienen una limitaci\u00f3n en la actividad, lo que representa el 6.2 por ciento de la poblaci\u00f3n, por lo que se\u00f1al\u00f3, \u201cen Acci\u00f3n Nacional seguiremos comprometidos en generar un sentido de inclusi\u00f3n de este sector tan vulnerable de la sociedad\u201d, mencion\u00f3 Mart\u00ednez Alc\u00e1zar.<\/p>\n<p>En el pa\u00eds alrededor de 5 millones 739 mil 270 habitantes cuentan con alg\u00fan tipo de discapacidad, lo que presenta el 5.1 por ciento de la poblaci\u00f3n total. Del 58 por ciento del total de este sector vulnerado corresponde a discapacidad motriz, el 27.2 por ciento al visual, 12.1 por ciento presentan problemas auditivos; el 8.3 por ciento tienen problemas de lenguaje; 8.5 por ciento, intelectual o mental; el 5.5 por ciento, problemas de atenci\u00f3n personal y el 4.4 por ciento contemplan problemas de aprendizaje.<\/p>\n<p>Cabe recordar que dentro de este CRIT ser\u00e1n atendidos ni\u00f1os y j\u00f3venes con padecimientos neuromusculoesquel\u00e9tica, desde reci\u00e9n nacidos hasta los 18 a\u00f1os de edad.<\/p>\n<p>En el mismo contexto, subray\u00f3 los grandes beneficios con los que contar\u00e1n los ciudadanos con el CRIT Michoac\u00e1n, se\u00f1alando que este tendr\u00e1 la infraestructura adecuada, as\u00ed como especialistas profesionales, aparatos adecuados y de tecnolog\u00eda avanzada para atender adecuadamente a los ni\u00f1os que lo requieran.<\/p>\n<p>Finalmente, Alfonso Mart\u00ednez insisti\u00f3, \u201clos diputados del PAN seguiremos apoyando en todo momento las acciones que permitan mejorar la calidad de vida de los discapacitados en Michoac\u00e1n\u201d, concluy\u00f3.<\/p>\n","protected":false},"excerpt":{"rendered":"<p>\u201cLos diputados del Grupo Parlamentario del Partido Acci\u00f3n Nacional en la entidad, una vez m\u00e1s refrendamos nuestro compromiso a favor de los ni\u00f1os y ni\u00f1as con discapacidad, por ello, celebramos que la pr\u00f3xima inauguraci\u00f3n del Centro de Rehabilitaci\u00f3n Infantil Telet\u00f3n (CRIT)<\/p>\n","protected":false},"author":1,"featured_media":0,"comment_status":"open","ping_status":"open","sticky":false,"template":"","format":"standard","meta":{"footnotes":""},"categories":[6,14,8],"tags":[],"class_list":["post-4597","post","type-post","status-publish","format-standard","hentry","category-congreso-del-estado","category-destacadas","category-grupo-parlamentario-del-pan"],"_links":{"self":[{"href":"https:\/\/radiowebmx.com\/nota\/wp-json\/wp\/v2\/posts\/4597","targetHints":{"allow":["GET"]}}],"collection":[{"href":"https:\/\/radiowebmx.com\/nota\/wp-json\/wp\/v2\/posts"}],"about":[{"href":"https:\/\/radiowebmx.com\/nota\/wp-json\/wp\/v2\/types\/post"}],"author":[{"embeddable":true,"href":"https:\/\/radiowebmx.com\/nota\/wp-json\/wp\/v2\/users\/1"}],"replies":[{"embeddable":true,"href":"https:\/\/radiowebmx.com\/nota\/wp-json\/wp\/v2\/comments?post=4597"}],"version-history":[{"count":3,"href":"https:\/\/radiowebmx.com\/nota\/wp-json\/wp\/v2\/posts\/4597\/revisions"}],"predecessor-version":[{"id":4601,"href":"https:\/\/radiowebmx.com\/nota\/wp-json\/wp\/v2\/posts\/4597\/revisions\/4601"}],"wp:attachment":[{"href":"https:\/\/radiowebmx.com\/nota\/wp-json\/wp\/v2\/media?parent=4597"}],"wp:term":[{"taxonomy":"category","embeddable":true,"href":"https:\/\/radiowebmx.com\/nota\/wp-json\/wp\/v2\/categories?post=4597"},{"taxonomy":"post_tag","embeddable":true,"href":"https:\/\/radiowebmx.com\/nota\/wp-json\/wp\/v2\/tags?post=4597"}],"curies":[{"name":"wp","href":"https:\/\/api.w.org\/{rel}","templated":true}]}}