{"id":4591,"date":"2013-11-15T12:04:58","date_gmt":"2013-11-15T18:04:58","guid":{"rendered":"https:\/\/radiowebmx.com\/nota\/?p=4591"},"modified":"2013-12-04T13:47:02","modified_gmt":"2013-12-04T19:47:02","slug":"obesidad-principal-factor-de-riesgo-para-la-diabetes-rafael-diaz","status":"publish","type":"post","link":"https:\/\/radiowebmx.com\/nota\/obesidad-principal-factor-de-riesgo-para-la-diabetes-rafael-diaz\/","title":{"rendered":"OBESIDAD, PRINCIPAL FACTOR DE RIESGO PARA LA DIABETES: RAFAEL D\u00cdAZ"},"content":{"rendered":"<p><a href=\"https:\/\/radiowebmx.com\/nota\/wp-content\/uploads\/2013\/11\/IMG_1747.jpg\"><img loading=\"lazy\" decoding=\"async\" class=\"alignleft size-full wp-image-4592\" alt=\"IMG_1747\" src=\"https:\/\/radiowebmx.com\/nota\/wp-content\/uploads\/2013\/11\/IMG_1747.jpg\" width=\"591\" height=\"276\" \/><\/a>La obesidad es el principal factor de riesgo para la diabetes que flagela a nuestra sociedad, hoy existen en el pa\u00eds m\u00e1s de 6.4 millones de mexicanos con esta enfermedad; de no cambiar las tendencias para el a\u00f1o 2025, 11 millones de mexicanos la padecer\u00e1n.<\/p>\n<p>&nbsp;<\/p>\n<p>Lo anterior, fue manifestado por el secretario de Salud en Michoac\u00e1n, Rafael D\u00edaz Rodr\u00edguez, durante la inauguraci\u00f3n del Tercer Congreso Internacional de Obesidad y S\u00edndrome Metab\u00f3lico del Hospital de la Mujer, el cual fue presidido por la presidenta del Sistema para el Desarrollo Integral de la Familia (DIF) en el estado, Patricia Mora de Vallejo.<\/p>\n<p>&nbsp;<\/p>\n<p>D\u00edaz Rodr\u00edguez destac\u00f3 que desde el a\u00f1o 2005, la diabetes es la primera causa de muerte en M\u00e9xico y la principal de hospitalizaci\u00f3n y de insuficiencia renal, ceguera y amputaciones no traum\u00e1ticas.<\/p>\n<p>&nbsp;<\/p>\n<p>\u201cDe forma tal, que silenciosamente pero avanzando de manera progresiva y cr\u00f3nica, la diabetes mellitus se ha convertido en una emergencia sanitaria. Ahora resulta ineludible combatirla y hay que hacerlo pronto y bien. Hay que hacerlo desde muchos frentes: en la familia, la escuela y cualquier espacio p\u00fablico\u201d, subray\u00f3 D\u00edaz Rodr\u00edguez.<\/p>\n<p>&nbsp;<\/p>\n<p>Apunt\u00f3 que la poblaci\u00f3n debe saber y hacer lo necesario para modificar los h\u00e1bitos nutricionales, adoptar costumbres ligadas al ejercicio f\u00edsico, por lo que dijo, el personal de salud es en ello el principal factor de cambio.<\/p>\n<p>&nbsp;<\/p>\n<p>El funcionario estatal, enfatiz\u00f3 que ha sido un acierto de los organizadores del Congreso proponerse como tema monogr\u00e1fico este problema de salud. \u201cDe las conferencias y talleres que habr\u00e1n de presentarse; sobre todo de aquellos reportes que recogen experiencias exitosas ser\u00e1 bueno tomarlas como ejemplos e implantarlas en nuestro \u00e1mbito estatal\u201d, dijo.<\/p>\n<p>&nbsp;<\/p>\n<p>Antes de finalizar, reconoci\u00f3 el liderazgo y trabajo realizado por la directora del Hospital de la Mujer, Yara Pineda M\u00e1rquez, quien durante estos \u00faltimos tres a\u00f1os ha organizado este magn\u00edfico evento acad\u00e9mico y cient\u00edfico.<\/p>\n<p>&nbsp;<\/p>\n<p>En tanto, Yara Pineda M\u00e1rquez, directora del nosocomio, agradeci\u00f3 la confianza de todo el personal del Hospital, y los felicit\u00f3 por ser part\u00edcipes de este Congreso que busca ser punta de lanza en temas de inter\u00e9s social y as\u00ed contribuir con la salud p\u00fablica.<\/p>\n<p>&nbsp;<\/p>\n<p>Por su parte, Bernardino Alcaraz Montes, jefe de Ense\u00f1anza, Investigaci\u00f3n y Capacitaci\u00f3n del Hospital de la Mujer, se\u00f1al\u00f3 que en este encuentro Internacional de Obesidad y S\u00edndrome Metab\u00f3lico se busca tambi\u00e9n tener una visi\u00f3n plena de c\u00f3mo diagnosticarlo, tratarlo y lo m\u00e1s trascendente en una cultura preventiva efectiva en todos los niveles de atenci\u00f3n.<\/p>\n<p>&nbsp;<\/p>\n<p>\u201cEs por eso que los m\u00f3dulos responsables del tema abordan no s\u00f3lo los aspectos m\u00e9dicos, sino en un esfuerzo por atender a todos los grupos de profesionales de las diferentes \u00e1reas, se involucra el entorno social, que concierne a la poblaci\u00f3n mayormente vulnerable, lo administrativo que incluye los programas sociales responsabilidad del gobierno, las implicaciones psicol\u00f3gicas y sexuales, as\u00ed como los objetivos de calidad en el desempe\u00f1o del Hospital y en la atenci\u00f3n de las usuarias y los integrantes de su n\u00facleo familiar, as\u00ed como su entorno\u201d, dijo.<\/p>\n<p>&nbsp;<\/p>\n<p>La declaratoria inaugural del Tercer Congreso Internacional de Obesidad y S\u00edndrome Metab\u00f3lico del Hospital de la Mujer fue hecha por la presidenta del DIF, Patricia Mora de Vallejo.<\/p>\n<p><b>\u00a0<\/b><\/p>\n<p>En el evento se cont\u00f3 adem\u00e1s con la asistencia de la diputada local, Daniela de los Santos Torres; el ex gobernador del estado, V\u00edctor Tinoco Rub\u00ed, as\u00ed como directores y personal de la Secretar\u00eda de Salud en la entidad.<\/p>\n<p>&nbsp;<\/p>\n","protected":false},"excerpt":{"rendered":"<p>La obesidad es el principal factor de riesgo para la diabetes que flagela a nuestra sociedad, hoy existen en el pa\u00eds m\u00e1s de 6.4 millones de mexicanos con esta enfermedad; de no cambiar las tendencias para el a\u00f1o 2025, 11 millones de mexicanos la padecer\u00e1n.<\/p>\n","protected":false},"author":1,"featured_media":0,"comment_status":"open","ping_status":"open","sticky":false,"template":"","format":"standard","meta":{"footnotes":""},"categories":[14,3],"tags":[],"class_list":["post-4591","post","type-post","status-publish","format-standard","hentry","category-destacadas","category-gobierno-del-estado-de-michoacan"],"_links":{"self":[{"href":"https:\/\/radiowebmx.com\/nota\/wp-json\/wp\/v2\/posts\/4591","targetHints":{"allow":["GET"]}}],"collection":[{"href":"https:\/\/radiowebmx.com\/nota\/wp-json\/wp\/v2\/posts"}],"about":[{"href":"https:\/\/radiowebmx.com\/nota\/wp-json\/wp\/v2\/types\/post"}],"author":[{"embeddable":true,"href":"https:\/\/radiowebmx.com\/nota\/wp-json\/wp\/v2\/users\/1"}],"replies":[{"embeddable":true,"href":"https:\/\/radiowebmx.com\/nota\/wp-json\/wp\/v2\/comments?post=4591"}],"version-history":[{"count":2,"href":"https:\/\/radiowebmx.com\/nota\/wp-json\/wp\/v2\/posts\/4591\/revisions"}],"predecessor-version":[{"id":4790,"href":"https:\/\/radiowebmx.com\/nota\/wp-json\/wp\/v2\/posts\/4591\/revisions\/4790"}],"wp:attachment":[{"href":"https:\/\/radiowebmx.com\/nota\/wp-json\/wp\/v2\/media?parent=4591"}],"wp:term":[{"taxonomy":"category","embeddable":true,"href":"https:\/\/radiowebmx.com\/nota\/wp-json\/wp\/v2\/categories?post=4591"},{"taxonomy":"post_tag","embeddable":true,"href":"https:\/\/radiowebmx.com\/nota\/wp-json\/wp\/v2\/tags?post=4591"}],"curies":[{"name":"wp","href":"https:\/\/api.w.org\/{rel}","templated":true}]}}