{"id":4588,"date":"2013-11-14T12:02:57","date_gmt":"2013-11-14T18:02:57","guid":{"rendered":"https:\/\/radiowebmx.com\/nota\/?p=4588"},"modified":"2013-11-14T12:02:57","modified_gmt":"2013-11-14T18:02:57","slug":"secretario-de-educacion-asiste-a-aniversario-de-la-upn-unidad-morelia%e2%80%8f","status":"publish","type":"post","link":"https:\/\/radiowebmx.com\/nota\/secretario-de-educacion-asiste-a-aniversario-de-la-upn-unidad-morelia%e2%80%8f\/","title":{"rendered":"Secretario de Educaci\u00f3n asiste a aniversario de la UPN unidad Morelia\u200f"},"content":{"rendered":"<p><a href=\"https:\/\/radiowebmx.com\/nota\/wp-content\/uploads\/2013\/11\/4Q4A2665.jpg\"><img loading=\"lazy\" decoding=\"async\" class=\"alignleft size-full wp-image-4589\" alt=\"4Q4A2665\" src=\"https:\/\/radiowebmx.com\/nota\/wp-content\/uploads\/2013\/11\/4Q4A2665.jpg\" width=\"591\" height=\"255\" \/><\/a>El secretario de Educaci\u00f3n en Michoac\u00e1n, J. Jes\u00fas Sierra Arias, \u00a0asisti\u00f3 a la conmemoraci\u00f3n del XXXIV Aniversario de la Unidad 161 Morelia, de la Universidad Pedag\u00f3gica Nacional, donde destac\u00f3 que las UPN han contribuido al desarrollo de la educaci\u00f3n en Michoac\u00e1n, al formar docentes comprometidos con su labor y decididos a aportar a la sociedad.<\/p>\n","protected":false},"excerpt":{"rendered":"<p>El secretario de Educaci\u00f3n en Michoac\u00e1n, J. Jes\u00fas Sierra Arias,  asisti\u00f3 a la conmemoraci\u00f3n del XXXIV Aniversario de la Unidad 161 Morelia, de la Universidad Pedag\u00f3gica Nacional, donde destac\u00f3 que las UPN han contribuido al desarrollo de la educaci\u00f3n en Michoac\u00e1n, al formar docentes comprometidos con su labor y decididos a aportar a la sociedad.<\/p>\n","protected":false},"author":1,"featured_media":0,"comment_status":"open","ping_status":"open","sticky":false,"template":"","format":"standard","meta":{"footnotes":""},"categories":[14,3],"tags":[],"class_list":["post-4588","post","type-post","status-publish","format-standard","hentry","category-destacadas","category-gobierno-del-estado-de-michoacan"],"_links":{"self":[{"href":"https:\/\/radiowebmx.com\/nota\/wp-json\/wp\/v2\/posts\/4588","targetHints":{"allow":["GET"]}}],"collection":[{"href":"https:\/\/radiowebmx.com\/nota\/wp-json\/wp\/v2\/posts"}],"about":[{"href":"https:\/\/radiowebmx.com\/nota\/wp-json\/wp\/v2\/types\/post"}],"author":[{"embeddable":true,"href":"https:\/\/radiowebmx.com\/nota\/wp-json\/wp\/v2\/users\/1"}],"replies":[{"embeddable":true,"href":"https:\/\/radiowebmx.com\/nota\/wp-json\/wp\/v2\/comments?post=4588"}],"version-history":[{"count":1,"href":"https:\/\/radiowebmx.com\/nota\/wp-json\/wp\/v2\/posts\/4588\/revisions"}],"predecessor-version":[{"id":4590,"href":"https:\/\/radiowebmx.com\/nota\/wp-json\/wp\/v2\/posts\/4588\/revisions\/4590"}],"wp:attachment":[{"href":"https:\/\/radiowebmx.com\/nota\/wp-json\/wp\/v2\/media?parent=4588"}],"wp:term":[{"taxonomy":"category","embeddable":true,"href":"https:\/\/radiowebmx.com\/nota\/wp-json\/wp\/v2\/categories?post=4588"},{"taxonomy":"post_tag","embeddable":true,"href":"https:\/\/radiowebmx.com\/nota\/wp-json\/wp\/v2\/tags?post=4588"}],"curies":[{"name":"wp","href":"https:\/\/api.w.org\/{rel}","templated":true}]}}