{"id":4584,"date":"2013-11-14T12:00:03","date_gmt":"2013-11-14T18:00:03","guid":{"rendered":"https:\/\/radiowebmx.com\/nota\/?p=4584"},"modified":"2013-11-14T12:00:03","modified_gmt":"2013-11-14T18:00:03","slug":"en-reunion-de-gabinete-fortalecen-la-direccion-de-esfuerzos-con-un-mismo-rumbo-en-bien-de-michoacan","status":"publish","type":"post","link":"https:\/\/radiowebmx.com\/nota\/en-reunion-de-gabinete-fortalecen-la-direccion-de-esfuerzos-con-un-mismo-rumbo-en-bien-de-michoacan\/","title":{"rendered":"EN REUNI\u00d3N DE GABINETE, FORTALECEN LA DIRECCI\u00d3N DE ESFUERZOS CON UN MISMO RUMBO: EN BIEN DE MICHOAC\u00c1N"},"content":{"rendered":"<p><a href=\"https:\/\/radiowebmx.com\/nota\/wp-content\/uploads\/2013\/11\/DSC_0376.jpg\"><img loading=\"lazy\" decoding=\"async\" class=\"alignleft size-full wp-image-4586\" alt=\"DSC_0376\" src=\"https:\/\/radiowebmx.com\/nota\/wp-content\/uploads\/2013\/11\/DSC_0376.jpg\" width=\"591\" height=\"254\" \/><\/a>En reuni\u00f3n de gabinete, el gobernador Fausto Vallejo Figueroa reiter\u00f3 su llamado a los funcionarios estatales a redoblar esfuerzos para entregar resultados a los michoacanos y fortalecer los lazos interinstitucionales con un mismo rumbo: el bien de Michoac\u00e1n.<\/p>\n<p>En presencia de los integrantes del gabinete legal y ampliado, la coordinadora de Comunicaci\u00f3n Social del Ejecutivo, Guadalupe Santacruz Esquivel, quien hace unos d\u00edas asumi\u00f3 esta responsabilidad, present\u00f3 su plan de trabajo basado en garantizar el derecho de la ciudadan\u00eda a la informaci\u00f3n y en difundir las acciones de gobierno con transparencia y oportunidad, en el entendido de que la informaci\u00f3n es tambi\u00e9n una herramienta estrat\u00e9gica de desarrollo.<\/p>\n<p>En el mismo sentido, reiter\u00f3 a los funcionarios hacer uso de las herramientas con que cuenta la Coordinaci\u00f3n que encabeza, para acercar a los medios de comunicaci\u00f3n los datos que requieren y mostrar a los michoacanos las labores que cada dependencia realiza para llevar desarrollo a las diversas regiones de la entidad.<\/p>\n<p>De igual manera, la directora del Centro de Convenciones y Exposiciones de Morelia (CECONEXPO), Flor Paloma Pe\u00f1a Garnica, dio a conocer su informe de actividades, en que se han otorgado facilidades tanto a las dependencias gubernamentales como a los diferentes sectores de la entidad, para atraer todos aquellos eventos que posicionen a Michoac\u00e1n como un destino de cultura, turismo y negocios, con los cuales se contribuye en la reactivaci\u00f3n econ\u00f3mica, mediante la derrama de capital que generan.<\/p>\n","protected":false},"excerpt":{"rendered":"<p>En reuni\u00f3n de gabinete, el gobernador Fausto Vallejo Figueroa reiter\u00f3 su llamado a los funcionarios estatales a redoblar esfuerzos para entregar resultados a los michoacanos y fortalecer los lazos interinstitucionales con un mismo rumbo: el bien de Michoac\u00e1n.<\/p>\n","protected":false},"author":1,"featured_media":0,"comment_status":"open","ping_status":"open","sticky":false,"template":"","format":"standard","meta":{"footnotes":""},"categories":[14,3],"tags":[],"class_list":["post-4584","post","type-post","status-publish","format-standard","hentry","category-destacadas","category-gobierno-del-estado-de-michoacan"],"_links":{"self":[{"href":"https:\/\/radiowebmx.com\/nota\/wp-json\/wp\/v2\/posts\/4584","targetHints":{"allow":["GET"]}}],"collection":[{"href":"https:\/\/radiowebmx.com\/nota\/wp-json\/wp\/v2\/posts"}],"about":[{"href":"https:\/\/radiowebmx.com\/nota\/wp-json\/wp\/v2\/types\/post"}],"author":[{"embeddable":true,"href":"https:\/\/radiowebmx.com\/nota\/wp-json\/wp\/v2\/users\/1"}],"replies":[{"embeddable":true,"href":"https:\/\/radiowebmx.com\/nota\/wp-json\/wp\/v2\/comments?post=4584"}],"version-history":[{"count":1,"href":"https:\/\/radiowebmx.com\/nota\/wp-json\/wp\/v2\/posts\/4584\/revisions"}],"predecessor-version":[{"id":4587,"href":"https:\/\/radiowebmx.com\/nota\/wp-json\/wp\/v2\/posts\/4584\/revisions\/4587"}],"wp:attachment":[{"href":"https:\/\/radiowebmx.com\/nota\/wp-json\/wp\/v2\/media?parent=4584"}],"wp:term":[{"taxonomy":"category","embeddable":true,"href":"https:\/\/radiowebmx.com\/nota\/wp-json\/wp\/v2\/categories?post=4584"},{"taxonomy":"post_tag","embeddable":true,"href":"https:\/\/radiowebmx.com\/nota\/wp-json\/wp\/v2\/tags?post=4584"}],"curies":[{"name":"wp","href":"https:\/\/api.w.org\/{rel}","templated":true}]}}