{"id":4581,"date":"2013-11-14T11:51:31","date_gmt":"2013-11-14T17:51:31","guid":{"rendered":"https:\/\/radiowebmx.com\/nota\/?p=4581"},"modified":"2013-11-14T11:51:31","modified_gmt":"2013-11-14T17:51:31","slug":"entregan-premios-a-los-triunfadores-del-concurso-el-nino-y-la-mar","status":"publish","type":"post","link":"https:\/\/radiowebmx.com\/nota\/entregan-premios-a-los-triunfadores-del-concurso-el-nino-y-la-mar\/","title":{"rendered":"ENTREGAN PREMIOS A LOS TRIUNFADORES DEL CONCURSO \u201cEL NI\u00d1O Y LA MAR\u201d"},"content":{"rendered":"<p><a href=\"https:\/\/radiowebmx.com\/nota\/wp-content\/uploads\/2013\/11\/FotosPremios-Ni\u00f1o-y-la-Mar-002.jpg\"><img loading=\"lazy\" decoding=\"async\" class=\"alignleft size-full wp-image-4582\" alt=\"FotosPremios Ni\u00f1o y la Mar 002\" src=\"https:\/\/radiowebmx.com\/nota\/wp-content\/uploads\/2013\/11\/FotosPremios-Ni\u00f1o-y-la-Mar-002.jpg\" width=\"591\" height=\"295\" \/><\/a>Tal \u00a0y como se viene haciendo a\u00f1o con a\u00f1o, la Secretar\u00eda de Urbanismo y Medio Ambiente (SUMA), la Secretar\u00eda de Marina y varias dependencias estatales hicieron entrega de los premios del Concurso de Dibujo Infantil \u201cEl Ni\u00f1o y la Mar\u201d.<\/p>\n<p>A los tres ganadores se les agradeci\u00f3 su importante participaci\u00f3n y se les\u00a0 motiv\u00f3 para que contin\u00faen participando en ese tipo de cert\u00e1menes que contribuyen a fomentar la protecci\u00f3n y preservaci\u00f3n del medio ambiente y de los recursos naturales.<\/p>\n<p>En el acto de entrega de los premios que se realiz\u00f3 en el Teatro Monarca del Parque Zool\u00f3gico \u201cBenito Ju\u00e1rez\u201d de Morelia, el secretario T\u00e9cnico de la Secretar\u00eda de Urbanismo y Medio Ambiente, Ivo Antonio Guti\u00e9rrez Pulido destac\u00f3 la amplia participaci\u00f3n en el certamen y el papel importante que hicieron cada uno de los contendientes.<\/p>\n<p>Les motiv\u00f3 para que no dejen de dar ese ejemplo a chicos y grandes, dada la necesidad que hoy en d\u00eda existe en lo relativo a fomentar una cultura de cuidado de nuestros recursos naturales.<\/p>\n<p>Por su parte, el subdirector del Parque Zool\u00f3gico \u201cBenito Ju\u00e1rez\u201d de Morelia, Alberto Arr\u00e9s Rangel, destac\u00f3 la importancia de efectuar ese tipo de cert\u00e1menes en los que se busca un beneficio para la comunidad.<\/p>\n<p>Ah\u00ed tambi\u00e9n hizo uso de la palabra el director de Educaci\u00f3n Primaria de la Secretar\u00eda de Educaci\u00f3n en el Estado,\u00a0 Everardo L\u00f3pez Garc\u00eda, para conminar a todos los ni\u00f1os a que se involucren en todo tipo de actividades que contribuyen a mejorar el medio ambiente.<\/p>\n<p>El primer lugar lo obtuvo Helaman Garc\u00eda Hurtado, de la escuela \u201cIgnacio Manuel Altamirano\u201d de Uruapan; el segundo lugar Andrea Carmona Rodr\u00edguez, de la escuela CADI Monarca de Morelia, mientras que el tercer lugar se lo gan\u00f3 Zaira Yamil\u00e9 Zarate Manzo, de la escuela \u201cJos\u00e9 Mar\u00eda Morelos\u201d, de \u00c1lvaro Obreg\u00f3n, y los premios consistieron en una bicicleta y un paquete did\u00e1ctico.<\/p>\n","protected":false},"excerpt":{"rendered":"<p>Tal  y como se viene haciendo a\u00f1o con a\u00f1o, la Secretar\u00eda de Urbanismo y Medio Ambiente (SUMA), la Secretar\u00eda de Marina y varias dependencias estatales hicieron entrega de los premios del Concurso de Dibujo Infantil \u201cEl Ni\u00f1o y la Mar\u201d.<\/p>\n","protected":false},"author":1,"featured_media":0,"comment_status":"open","ping_status":"open","sticky":false,"template":"","format":"standard","meta":{"footnotes":""},"categories":[1],"tags":[],"class_list":["post-4581","post","type-post","status-publish","format-standard","hentry","category-sin-categoria"],"_links":{"self":[{"href":"https:\/\/radiowebmx.com\/nota\/wp-json\/wp\/v2\/posts\/4581","targetHints":{"allow":["GET"]}}],"collection":[{"href":"https:\/\/radiowebmx.com\/nota\/wp-json\/wp\/v2\/posts"}],"about":[{"href":"https:\/\/radiowebmx.com\/nota\/wp-json\/wp\/v2\/types\/post"}],"author":[{"embeddable":true,"href":"https:\/\/radiowebmx.com\/nota\/wp-json\/wp\/v2\/users\/1"}],"replies":[{"embeddable":true,"href":"https:\/\/radiowebmx.com\/nota\/wp-json\/wp\/v2\/comments?post=4581"}],"version-history":[{"count":2,"href":"https:\/\/radiowebmx.com\/nota\/wp-json\/wp\/v2\/posts\/4581\/revisions"}],"predecessor-version":[{"id":4585,"href":"https:\/\/radiowebmx.com\/nota\/wp-json\/wp\/v2\/posts\/4581\/revisions\/4585"}],"wp:attachment":[{"href":"https:\/\/radiowebmx.com\/nota\/wp-json\/wp\/v2\/media?parent=4581"}],"wp:term":[{"taxonomy":"category","embeddable":true,"href":"https:\/\/radiowebmx.com\/nota\/wp-json\/wp\/v2\/categories?post=4581"},{"taxonomy":"post_tag","embeddable":true,"href":"https:\/\/radiowebmx.com\/nota\/wp-json\/wp\/v2\/tags?post=4581"}],"curies":[{"name":"wp","href":"https:\/\/api.w.org\/{rel}","templated":true}]}}