{"id":4578,"date":"2013-11-14T11:45:04","date_gmt":"2013-11-14T17:45:04","guid":{"rendered":"https:\/\/radiowebmx.com\/nota\/?p=4578"},"modified":"2013-11-14T11:45:04","modified_gmt":"2013-11-14T17:45:04","slug":"del-17-al-21-de-noviembre-la-decima-feria-del-mezcal","status":"publish","type":"post","link":"https:\/\/radiowebmx.com\/nota\/del-17-al-21-de-noviembre-la-decima-feria-del-mezcal\/","title":{"rendered":"DEL 17 AL 21 DE NOVIEMBRE LA D\u00c9CIMA FERIA DEL MEZCAL"},"content":{"rendered":"<p>Del 17 al 21 de noviembre,\u00a0 el municipio de\u00a0 Madero abrir\u00e1 sus puertas para llevar a cabo lo que ser\u00e1 la D\u00e9cima Expo Feria del Mezcal y productos tradicionales de la regi\u00f3n, evento que a\u00f1o con a\u00f1o logra convencer a los visitantes\u00a0 locales y nacionales de las bondades de\u00a0esta bebida de milenaria tradici\u00f3n.<\/p>\n<p>En rueda de prensa, el presidente municipal de Madero, Jes\u00fas Rosales Garc\u00eda, agradeci\u00f3 al gobernador Fausto Vallejo el inter\u00e9s de apoyar a la uni\u00f3n de mezcaleros del municipio\u00a0 representados por Jos\u00e9 Luis S\u00e1nchez Iba\u00f1ez; se\u00f1al\u00f3 que la Feria se llevar\u00e1 a cabo en la plaza principal de Villa Madero, donde habr\u00e1 exhibici\u00f3n y degustaci\u00f3n de la tradicional bebida, licores de frutas, productos av\u00edcolas y medicina tradicional.<\/p>\n<p>Para esta celebraci\u00f3n se han considerado eventos art\u00edsticos y culturales, apoyados por la Secretaria de Cultura y la Casa de la Cultura del municipio; as\u00ed como\u00a0 una\u00a0 muestra gastron\u00f3mica que contempla las tradicionales carnitas y toda una variedad de guisos.<\/p>\n<p>En esta edici\u00f3n, se program\u00f3 la presentaci\u00f3n de grupos de m\u00fasica tradicional de Tierra Caliente, con la finalidad de promoverlos, esto ser\u00e1 el d\u00eda martes 19 de noviembre a las 15:00 horas.<\/p>\n<p>Durante los cinco d\u00edas de la Feria se espera la asistencia de unas 12 mil personas aproximadamente, que podr\u00edan dejar una derrama econ\u00f3mica a los mezcaleros, cercana a los 2 millones de pesos.<\/p>\n<p>Sin duda alguna se trata de un evento trascendental, porque representa la dignificaci\u00f3n de una bebida de milenaria tradici\u00f3n, que en Michoac\u00e1n, se ha convertido en una alternativa de actividad econ\u00f3mica.<\/p>\n<p>A la fecha, son utilizadas m\u00e1s de mil 250 hect\u00e1reas en la plantaci\u00f3n del agave mezcalero, que anualmente genera una producci\u00f3n de m\u00e1s de\u00a0 160 mil litros de\u00a0 mezcal y que representa m\u00e1s de la mitad de la producci\u00f3n en el estado.<\/p>\n<p>Actualmente un total de 29 municipios en la entidad\u00a0 producen mezcal y cuatro de ellos, entre los que se encuentra Madero, han logrado gestionar ante la Secretar\u00eda de Desarrollo Econ\u00f3mico, la marca colectiva \u201cSikua\u201d, lo que les ha permitido presentar su destilado en mercados de Europa y Estados Unidos.<b><\/b><\/p>\n","protected":false},"excerpt":{"rendered":"<p>Del 17 al 21 de noviembre,  el municipio de  Madero abrir\u00e1 sus puertas para llevar a cabo lo que ser\u00e1 la D\u00e9cima Expo Feria del Mezcal y productos tradicionales de la regi\u00f3n, evento que a\u00f1o con a\u00f1o logra convencer a los visitantes  locales y nacionales de las bondades de esta bebida de milenaria tradici\u00f3n.<\/p>\n","protected":false},"author":1,"featured_media":0,"comment_status":"open","ping_status":"open","sticky":false,"template":"","format":"standard","meta":{"footnotes":""},"categories":[3],"tags":[],"class_list":["post-4578","post","type-post","status-publish","format-standard","hentry","category-gobierno-del-estado-de-michoacan"],"_links":{"self":[{"href":"https:\/\/radiowebmx.com\/nota\/wp-json\/wp\/v2\/posts\/4578","targetHints":{"allow":["GET"]}}],"collection":[{"href":"https:\/\/radiowebmx.com\/nota\/wp-json\/wp\/v2\/posts"}],"about":[{"href":"https:\/\/radiowebmx.com\/nota\/wp-json\/wp\/v2\/types\/post"}],"author":[{"embeddable":true,"href":"https:\/\/radiowebmx.com\/nota\/wp-json\/wp\/v2\/users\/1"}],"replies":[{"embeddable":true,"href":"https:\/\/radiowebmx.com\/nota\/wp-json\/wp\/v2\/comments?post=4578"}],"version-history":[{"count":2,"href":"https:\/\/radiowebmx.com\/nota\/wp-json\/wp\/v2\/posts\/4578\/revisions"}],"predecessor-version":[{"id":4580,"href":"https:\/\/radiowebmx.com\/nota\/wp-json\/wp\/v2\/posts\/4578\/revisions\/4580"}],"wp:attachment":[{"href":"https:\/\/radiowebmx.com\/nota\/wp-json\/wp\/v2\/media?parent=4578"}],"wp:term":[{"taxonomy":"category","embeddable":true,"href":"https:\/\/radiowebmx.com\/nota\/wp-json\/wp\/v2\/categories?post=4578"},{"taxonomy":"post_tag","embeddable":true,"href":"https:\/\/radiowebmx.com\/nota\/wp-json\/wp\/v2\/tags?post=4578"}],"curies":[{"name":"wp","href":"https:\/\/api.w.org\/{rel}","templated":true}]}}